{"id":10919,"date":"2011-03-18T19:18:31","date_gmt":"2011-03-18T22:18:31","guid":{"rendered":"http:\/\/www.r2cpress.com.br\/v1\/?p=10919"},"modified":"2011-03-18T19:20:27","modified_gmt":"2011-03-18T22:20:27","slug":"camara-municipal-de-ilheus-59","status":"publish","type":"post","link":"https:\/\/www.r2cpress.com.br\/v1\/2011\/03\/18\/camara-municipal-de-ilheus-59\/","title":{"rendered":"C\u00e2mara Municipal de Ilh\u00e9us"},"content":{"rendered":"<p><center><strong>Mulheres s\u00e3o homenageadas na C\u00e2mara de Ilh\u00e9us<\/strong><\/center><\/p>\n<p><div id=\"attachment_10921\" style=\"width: 310px\" class=\"wp-caption alignleft\"><a href=\"http:\/\/www.r2cpress.com.br\/v1\/wp-content\/uploads\/MONT-CAPA-SITE41.jpg\"><img aria-describedby=\"caption-attachment-10921\" loading=\"lazy\" src=\"http:\/\/www.r2cpress.com.br\/v1\/wp-content\/uploads\/MONT-CAPA-SITE41-300x154.jpg\" alt=\"\" title=\"MONT CAPA SITE\" width=\"300\" height=\"154\" class=\"size-medium wp-image-10921\" srcset=\"https:\/\/www.r2cpress.com.br\/v1\/wp-content\/uploads\/MONT-CAPA-SITE41-300x154.jpg 300w, https:\/\/www.r2cpress.com.br\/v1\/wp-content\/uploads\/MONT-CAPA-SITE41.jpg 750w\" sizes=\"(max-width: 300px) 100vw, 300px\" \/><\/a><p id=\"caption-attachment-10921\" class=\"wp-caption-text\">CMI EM A\u00c7\u00c3O<\/p><\/div>Em homenagem ao Dia Internacional das Mulheres, comemorado no \u00faltimo dia 8 de mar\u00e7o, a C\u00e2mara Municipal de Ilh\u00e9us realizou na tarde desta quinta-feira, 17, uma Sess\u00e3o Especial para homenage\u00e1-las. A deputada estadual \u00c2ngela Souza, juntamente com as vereadoras Carmelita \u00c2ngela (Professora Carmelita) e Maria de Lourdes foram as principais mulheres lembradas na tarde. Al\u00e9m delas, 42 mulheres de diversos segmentos da sociedade ilheense receberam congratula\u00e7\u00f5es. <\/p>\n<p>O requerimento para realiza\u00e7\u00e3o da Sess\u00e3o partiu do presidente da Casa, vereador Edivaldo Nascimento (Dinho G\u00e1s) e foi subscrito por todos os colegas. \u201cN\u00e3o poder\u00edamos deixar de homenagear as mulheres ilheenses pelas conquistas em todos os \u00e2mbitos, cada vez mais elas ocupam o devido lugar na sociedade\u201d, lembrou o presidente do legislativo.<\/p>\n<p>\u201cTodas as mulheres lembradas na tarde de hoje representam o avan\u00e7o e o comprometimento delas com a cidade, elas s\u00e3o exemplo para suas fam\u00edlias e para os ilheenses de um modo em geral\u201d, disse a vereadora Professora Carmelita. Ao final da Sess\u00e3o, o cantor Nozinho fez uma apresenta\u00e7\u00e3o com m\u00fasicas que entoavam a import\u00e2ncia da mulher no dia dia<\/p>\n","protected":false},"excerpt":{"rendered":"<p>Mulheres s\u00e3o homenageadas na C\u00e2mara de Ilh\u00e9us Em homenagem ao Dia Internacional das Mulheres, comemorado no \u00faltimo dia 8 de mar\u00e7o, a C\u00e2mara Municipal de Ilh\u00e9us realizou na tarde desta quinta-feira, 17, uma Sess\u00e3o Especial para homenage\u00e1-las. A deputada estadual \u00c2ngela Souza, juntamente com as vereadoras Carmelita \u00c2ngela (Professora Carmelita) e Maria de Lourdes foram [&hellip;]<\/p>\n","protected":false},"author":2,"featured_media":0,"comment_status":"open","ping_status":"open","sticky":false,"template":"","format":"standard","meta":{"_links_to":"","_links_to_target":""},"categories":[22],"tags":[],"_links":{"self":[{"href":"https:\/\/www.r2cpress.com.br\/v1\/wp-json\/wp\/v2\/posts\/10919"}],"collection":[{"href":"https:\/\/www.r2cpress.com.br\/v1\/wp-json\/wp\/v2\/posts"}],"about":[{"href":"https:\/\/www.r2cpress.com.br\/v1\/wp-json\/wp\/v2\/types\/post"}],"author":[{"embeddable":true,"href":"https:\/\/www.r2cpress.com.br\/v1\/wp-json\/wp\/v2\/users\/2"}],"replies":[{"embeddable":true,"href":"https:\/\/www.r2cpress.com.br\/v1\/wp-json\/wp\/v2\/comments?post=10919"}],"version-history":[{"count":3,"href":"https:\/\/www.r2cpress.com.br\/v1\/wp-json\/wp\/v2\/posts\/10919\/revisions"}],"predecessor-version":[{"id":10924,"href":"https:\/\/www.r2cpress.com.br\/v1\/wp-json\/wp\/v2\/posts\/10919\/revisions\/10924"}],"wp:attachment":[{"href":"https:\/\/www.r2cpress.com.br\/v1\/wp-json\/wp\/v2\/media?parent=10919"}],"wp:term":[{"taxonomy":"category","embeddable":true,"href":"https:\/\/www.r2cpress.com.br\/v1\/wp-json\/wp\/v2\/categories?post=10919"},{"taxonomy":"post_tag","embeddable":true,"href":"https:\/\/www.r2cpress.com.br\/v1\/wp-json\/wp\/v2\/tags?post=10919"}],"curies":[{"name":"wp","href":"https:\/\/api.w.org\/{rel}","templated":true}]}}