{"id":10965,"date":"2011-03-19T10:24:06","date_gmt":"2011-03-19T13:24:06","guid":{"rendered":"http:\/\/www.r2cpress.com.br\/v1\/?p=10965"},"modified":"2011-03-19T14:59:10","modified_gmt":"2011-03-19T17:59:10","slug":"posto-dom-eduardo-37-anos-de-confiabilidade","status":"publish","type":"post","link":"https:\/\/www.r2cpress.com.br\/v1\/2011\/03\/19\/posto-dom-eduardo-37-anos-de-confiabilidade\/","title":{"rendered":"Posto DOM EDUARDO \/ 37 anos de confiabilidade."},"content":{"rendered":"<p>Querido amigo Rabat,<\/p>\n<p><div id=\"attachment_10966\" style=\"width: 310px\" class=\"wp-caption alignleft\"><a href=\"http:\/\/www.r2cpress.com.br\/v1\/wp-content\/uploads\/conjunto-posto-dom-eduardo.jpg\"><img aria-describedby=\"caption-attachment-10966\" loading=\"lazy\" src=\"http:\/\/www.r2cpress.com.br\/v1\/wp-content\/uploads\/conjunto-posto-dom-eduardo-300x127.jpg\" alt=\"\" title=\"conjunto posto dom eduardo\" width=\"300\" height=\"127\" class=\"size-medium wp-image-10966\" srcset=\"https:\/\/www.r2cpress.com.br\/v1\/wp-content\/uploads\/conjunto-posto-dom-eduardo-300x127.jpg 300w, https:\/\/www.r2cpress.com.br\/v1\/wp-content\/uploads\/conjunto-posto-dom-eduardo.jpg 350w\" sizes=\"(max-width: 300px) 100vw, 300px\" \/><\/a><p id=\"caption-attachment-10966\" class=\"wp-caption-text\">Posto Dom Eduardo - Reconhecido pela CREDIBILIDADE.<\/p><\/div>No pr\u00f3ximo m\u00eas de junho estaremos completando 38 anos de servi\u00e7os prestados para Ilh\u00e9us e regi\u00e3o.<br \/>\nNesse per\u00edodo  a nossa marca principal tem sido  a <strong>credibilidade que gozamos junto aos nossos clientes<\/strong> e, assim  permaneceremos,  motivados que somos pelo reconhecimento de todos que utilizam os nossos servi\u00e7os.<\/p>\n<p>Al\u00e9m da <em><strong>rigorosidade no controle da qualidade nos combust\u00edveis  que oferecemos aos nossos clientes<\/strong><\/em>,  investimos &#8216;pesado&#8217; no treinamento da nossa equipe de atendentes para, desse modo, mantermos essa qualidade sempre em evid\u00eancia. Sendo ela  &#8211; (<strong>a credibilidade<\/strong>) &#8211; a nossa principal marca,  entendemos que somente assim, com o reconhecimento pleno de todos,  poderemos manter essa conquista de sermos <strong>leais e fi\u00e9is <\/strong>para com todos que acreditam no Posto Dom Eduardo.<\/p>\n<p><center><strong>Essa \u00e9 a nossa bandeira e esse \u00e9 o nosso DIA a DIA.<br \/>\n<\/strong><\/center><\/p>\n","protected":false},"excerpt":{"rendered":"<p>Querido amigo Rabat, No pr\u00f3ximo m\u00eas de junho estaremos completando 38 anos de servi\u00e7os prestados para Ilh\u00e9us e regi\u00e3o. Nesse per\u00edodo a nossa marca principal tem sido a credibilidade que gozamos junto aos nossos clientes e, assim permaneceremos, motivados que somos pelo reconhecimento de todos que utilizam os nossos servi\u00e7os. Al\u00e9m da rigorosidade no controle [&hellip;]<\/p>\n","protected":false},"author":2,"featured_media":0,"comment_status":"open","ping_status":"open","sticky":false,"template":"","format":"standard","meta":{"_links_to":"","_links_to_target":""},"categories":[10],"tags":[],"_links":{"self":[{"href":"https:\/\/www.r2cpress.com.br\/v1\/wp-json\/wp\/v2\/posts\/10965"}],"collection":[{"href":"https:\/\/www.r2cpress.com.br\/v1\/wp-json\/wp\/v2\/posts"}],"about":[{"href":"https:\/\/www.r2cpress.com.br\/v1\/wp-json\/wp\/v2\/types\/post"}],"author":[{"embeddable":true,"href":"https:\/\/www.r2cpress.com.br\/v1\/wp-json\/wp\/v2\/users\/2"}],"replies":[{"embeddable":true,"href":"https:\/\/www.r2cpress.com.br\/v1\/wp-json\/wp\/v2\/comments?post=10965"}],"version-history":[{"count":4,"href":"https:\/\/www.r2cpress.com.br\/v1\/wp-json\/wp\/v2\/posts\/10965\/revisions"}],"predecessor-version":[{"id":10996,"href":"https:\/\/www.r2cpress.com.br\/v1\/wp-json\/wp\/v2\/posts\/10965\/revisions\/10996"}],"wp:attachment":[{"href":"https:\/\/www.r2cpress.com.br\/v1\/wp-json\/wp\/v2\/media?parent=10965"}],"wp:term":[{"taxonomy":"category","embeddable":true,"href":"https:\/\/www.r2cpress.com.br\/v1\/wp-json\/wp\/v2\/categories?post=10965"},{"taxonomy":"post_tag","embeddable":true,"href":"https:\/\/www.r2cpress.com.br\/v1\/wp-json\/wp\/v2\/tags?post=10965"}],"curies":[{"name":"wp","href":"https:\/\/api.w.org\/{rel}","templated":true}]}}