{"id":10997,"date":"2011-03-19T16:02:03","date_gmt":"2011-03-19T19:02:03","guid":{"rendered":"http:\/\/www.r2cpress.com.br\/v1\/?p=10997"},"modified":"2011-03-19T16:02:03","modified_gmt":"2011-03-19T19:02:03","slug":"exercendo-ilegalmente-a-profissao","status":"publish","type":"post","link":"https:\/\/www.r2cpress.com.br\/v1\/2011\/03\/19\/exercendo-ilegalmente-a-profissao\/","title":{"rendered":"exercendo ilegalmente a profiss\u00e3o"},"content":{"rendered":"<p>De: chega de ilegalidades em Ilh\u00e9us <chegadeilegalidade @bol.com.br><br \/>\nAssunto: exercendo ilegalmente a profiss\u00e3o<\/p>\n<p>Corpo da mensagem:<br \/>\nOl\u00e1 amigo Rabat.Gostaria de expressar meu manifesto de revolta em rela\u00e7\u00e3o \u00e0 fiscaliza\u00e7\u00e3o med\u00edocre exercida em Ilh\u00e9us pelo conselho regional de educa\u00e7\u00e3o f\u00edsica Cref 13, cuja delegacia est\u00e1 localizada em Itabuna, com a compet\u00eancia de fiscalizar a 13\u00aa regi\u00e3o, mas \u00e9 totalmente inoperante. O que vem ocorrendo \u00e9 que pessoas est\u00e3o trabalhando como professores de academia e at\u00e9 mesmo personal trainer (servi\u00e7o particular e mais valorizado) sem nem sequer ter a carteria de provisionado, que por sinal j\u00e1 foi extinta no dia 31 de dezembro de 2010, acabando com um prazo de 12 anos para os provisionados procurarem se graduar. Exercer essa profiss\u00e3o desta maneira \u00e9 um crime perigoso para a sociedade, j\u00e1 que estes falsos profissionais n\u00e3o possuem conhecimento de anatomia humana, fisiologia, cinesiologia e outras mat\u00e9rias importantes abordadas na faculdade para lhe dar com vidas e at\u00e9 mesmo no tratamento de patologias cr\u00f4nico-degenerativas, pondo em risco a sa\u00fade dos indiv\u00edduos que s\u00e3o orientados durante a pr\u00e1tica de exerc\u00edcios f\u00edsicos.Os donos de academias tamb\u00e9m n\u00e3o est\u00e3o colaborando muito para a melhoria na presta\u00e7\u00e3o do servi\u00e7o de acompanhamento e orienta\u00e7\u00e3o dentro da sala de muscula\u00e7\u00e3o, pois s\u00f3 \u00e9 permitido o aluno estagi\u00e1rio do 5\u00ba semestre do curso de Ed. F\u00edsica come\u00e7ar a acompanhar os alunos, mas os empres\u00e1rios contratam estagi\u00e1rios at\u00e9 mesmo do 1\u00ba semestre do curso para pagar um valor menor na sua presta\u00e7\u00e3o de servi\u00e7o. Se existem indiv\u00edduos formados cometendo erros grotescos, imagine alunos calouros que ainda n\u00e3o vivenciaram quase nada na gradua\u00e7\u00e3o?! Oriento as pessoas a antes de contratar um profissional da \u00e1rea pedir para este apresentar sua credencial, certificando a sua legalidade. \u00c9 claro que o risco de les\u00f5es existe durante a pr\u00e1tica de exerc\u00edcios f\u00edsicos, mas a sabedoria est\u00e1 na tentativa conciente de evit\u00e1-las e um profissional habilitado est\u00e1 apto a orientar o cidad\u00e3o. Obrigado pelo espa\u00e7o.<\/p>\n<p>&#8212;<br \/>\nEsta mensagem foi enviada atrav\u00e9s do formul\u00e1rio de contato do site R2CPRESS | A Letra Fria da Verdade http:\/\/www.r2cpress.com.br\/v1<\/p>\n<p><b>Espa\u00e7o aberto para os interessados &#8211; querendo &#8211; se manifestar<\/b><\/chegadeilegalidade><\/p>\n","protected":false},"excerpt":{"rendered":"<p>De: chega de ilegalidades em Ilh\u00e9us Assunto: exercendo ilegalmente a profiss\u00e3o Corpo da mensagem: Ol\u00e1 amigo Rabat.Gostaria de expressar meu manifesto de revolta em rela\u00e7\u00e3o \u00e0 fiscaliza\u00e7\u00e3o med\u00edocre exercida em Ilh\u00e9us pelo conselho regional de educa\u00e7\u00e3o f\u00edsica Cref 13, cuja delegacia est\u00e1 localizada em Itabuna, com a compet\u00eancia de fiscalizar a 13\u00aa regi\u00e3o, mas \u00e9 [&hellip;]<\/p>\n","protected":false},"author":2,"featured_media":0,"comment_status":"open","ping_status":"open","sticky":false,"template":"","format":"standard","meta":{"_links_to":"","_links_to_target":""},"categories":[10],"tags":[],"_links":{"self":[{"href":"https:\/\/www.r2cpress.com.br\/v1\/wp-json\/wp\/v2\/posts\/10997"}],"collection":[{"href":"https:\/\/www.r2cpress.com.br\/v1\/wp-json\/wp\/v2\/posts"}],"about":[{"href":"https:\/\/www.r2cpress.com.br\/v1\/wp-json\/wp\/v2\/types\/post"}],"author":[{"embeddable":true,"href":"https:\/\/www.r2cpress.com.br\/v1\/wp-json\/wp\/v2\/users\/2"}],"replies":[{"embeddable":true,"href":"https:\/\/www.r2cpress.com.br\/v1\/wp-json\/wp\/v2\/comments?post=10997"}],"version-history":[{"count":2,"href":"https:\/\/www.r2cpress.com.br\/v1\/wp-json\/wp\/v2\/posts\/10997\/revisions"}],"predecessor-version":[{"id":10999,"href":"https:\/\/www.r2cpress.com.br\/v1\/wp-json\/wp\/v2\/posts\/10997\/revisions\/10999"}],"wp:attachment":[{"href":"https:\/\/www.r2cpress.com.br\/v1\/wp-json\/wp\/v2\/media?parent=10997"}],"wp:term":[{"taxonomy":"category","embeddable":true,"href":"https:\/\/www.r2cpress.com.br\/v1\/wp-json\/wp\/v2\/categories?post=10997"},{"taxonomy":"post_tag","embeddable":true,"href":"https:\/\/www.r2cpress.com.br\/v1\/wp-json\/wp\/v2\/tags?post=10997"}],"curies":[{"name":"wp","href":"https:\/\/api.w.org\/{rel}","templated":true}]}}