{"id":11,"date":"2010-10-16T20:03:55","date_gmt":"2010-10-16T23:03:55","guid":{"rendered":"http:\/\/www.r2cpress.com.br\/v1\/?p=11"},"modified":"2010-10-16T20:03:55","modified_gmt":"2010-10-16T23:03:55","slug":"indios-tupinambas-mantem-ocupacao-da-fazenda-em-ilheus","status":"publish","type":"post","link":"https:\/\/www.r2cpress.com.br\/v1\/2010\/10\/16\/indios-tupinambas-mantem-ocupacao-da-fazenda-em-ilheus\/","title":{"rendered":"\u00cdndios tupinamb\u00e1s mant\u00eam ocupa\u00e7\u00e3o da fazenda em Ilh\u00e9us"},"content":{"rendered":"<p><strong>Eles pedem agilidade no processo de demarca\u00e7\u00e3o da terra da regi\u00e3o<\/strong><\/p>\n<p><strong><em>Reda\u00e7\u00e3o CORREIO<\/em><\/strong><\/p>\n<p>Cerca de 50 \u00edndios da tribo tupinamb\u00e1 ocupam desde a manh\u00e3 de segunda-feira (12) a Fazenda S\u00e3o Jos\u00e9, em Ilh\u00e9us. O local, que fica na zona rural do munic\u00edpio do sul do estado, pr\u00f3ximo ao Rio Itarar\u00e9, tem cerca de 90 hectares e est\u00e1 em \u00e1rea ind\u00edgena. Os \u00edndios pedem agilidade no processo de demarca\u00e7\u00e3o de terra da regi\u00e3o.<\/p>\n<p>Segundo a TV Santa Cruz, o l\u00edder da tribo negou que eles estivessem armados e fazendo os propriet\u00e1rios da fazenda como ref\u00e9ns. O propriet\u00e1rio da fazenda, Juvenal Correia Oliveira, disse que a ocupa\u00e7\u00e3o foi pac\u00edfica, mas que sua fam\u00edlia deixar\u00e1 o local. Segundo ele, todos os c\u00f4modos da casa da sede foram ocupados pelos \u00edndios.<\/p>\n<p><!--more-->A Pol\u00edcia Federal, em Ilh\u00e9us, informou que as negocia\u00e7\u00f5es s\u00e3o intermediadas pela Funda\u00e7\u00e3o Nacional do \u00cdndio (FUNAI). A tribo promete ficar na fazenda at\u00e9 que o processo de demarca\u00e7\u00e3o seja resolvido.<\/p>\n","protected":false},"excerpt":{"rendered":"<p>Eles pedem agilidade no processo de demarca\u00e7\u00e3o da terra da regi\u00e3o Reda\u00e7\u00e3o CORREIO Cerca de 50 \u00edndios da tribo tupinamb\u00e1 ocupam desde a manh\u00e3 de segunda-feira (12) a Fazenda S\u00e3o Jos\u00e9, em Ilh\u00e9us. O local, que fica na zona rural do munic\u00edpio do sul do estado, pr\u00f3ximo ao Rio Itarar\u00e9, tem cerca de 90 hectares [&hellip;]<\/p>\n","protected":false},"author":1,"featured_media":0,"comment_status":"open","ping_status":"open","sticky":false,"template":"","format":"standard","meta":{"_links_to":"","_links_to_target":""},"categories":[1],"tags":[],"_links":{"self":[{"href":"https:\/\/www.r2cpress.com.br\/v1\/wp-json\/wp\/v2\/posts\/11"}],"collection":[{"href":"https:\/\/www.r2cpress.com.br\/v1\/wp-json\/wp\/v2\/posts"}],"about":[{"href":"https:\/\/www.r2cpress.com.br\/v1\/wp-json\/wp\/v2\/types\/post"}],"author":[{"embeddable":true,"href":"https:\/\/www.r2cpress.com.br\/v1\/wp-json\/wp\/v2\/users\/1"}],"replies":[{"embeddable":true,"href":"https:\/\/www.r2cpress.com.br\/v1\/wp-json\/wp\/v2\/comments?post=11"}],"version-history":[{"count":1,"href":"https:\/\/www.r2cpress.com.br\/v1\/wp-json\/wp\/v2\/posts\/11\/revisions"}],"predecessor-version":[{"id":13,"href":"https:\/\/www.r2cpress.com.br\/v1\/wp-json\/wp\/v2\/posts\/11\/revisions\/13"}],"wp:attachment":[{"href":"https:\/\/www.r2cpress.com.br\/v1\/wp-json\/wp\/v2\/media?parent=11"}],"wp:term":[{"taxonomy":"category","embeddable":true,"href":"https:\/\/www.r2cpress.com.br\/v1\/wp-json\/wp\/v2\/categories?post=11"},{"taxonomy":"post_tag","embeddable":true,"href":"https:\/\/www.r2cpress.com.br\/v1\/wp-json\/wp\/v2\/tags?post=11"}],"curies":[{"name":"wp","href":"https:\/\/api.w.org\/{rel}","templated":true}]}}