{"id":110168,"date":"2017-06-10T15:21:17","date_gmt":"2017-06-10T18:21:17","guid":{"rendered":"http:\/\/www.r2cpress.com.br\/v1\/?p=110168"},"modified":"2017-06-10T15:21:17","modified_gmt":"2017-06-10T18:21:17","slug":"esculambou-geral-iii","status":"publish","type":"post","link":"https:\/\/www.r2cpress.com.br\/v1\/2017\/06\/10\/esculambou-geral-iii\/","title":{"rendered":"ESCULAMBOU GERAL III"},"content":{"rendered":"<div id=\"yui_3_16_0_1_1497109442533_3014\" style=\"text-align: left;\" align=\"center\"><b id=\"yui_3_16_0_1_1497109442533_3015\"><\/b>\u00a0<span id=\"yui_3_16_0_1_1497109442533_3020\">Semana passada comentando sobre os pilares da democracia tupiniquim disse que os nosso tr\u00eas poderes s\u00e3o podres, e que o \u00a0legislativo est\u00e1 abarrotado de picaretas, ladr\u00f5es, e que \u00a0por conta desses delet\u00e9rios, estamos chegando ao fundo do po\u00e7o.<\/span><\/div>\n<div id=\"yui_3_16_0_1_1497109442533_3022\"><span id=\"yui_3_16_0_1_1497109442533_3023\">\u00a0Rodrigo Felinto Ibarra Epit\u00e1cio Maia,nascido em 1970 no Chile, \u00e9 o pol\u00edtico \u00a0presidente da c\u00e2mara Federal do Brasil, \u00a0constitucionalmente\u00a0 \u00a0\u00e9 o substituto \u00a0do Michel .O dito \u00a0tem\u00a0 47 anos \u00a0e \u00a0\u00a0declara-se \u00a0\u00a0banc\u00e1rio, j\u00e1 que em 1990 laborou \u00a0no banco BMG e no per\u00edodo de 93 a 97 no Icatu.<\/span><\/div>\n<div id=\"yui_3_16_0_1_1497109442533_3025\"><span id=\"yui_3_16_0_1_1497109442533_3026\">Pasmem, o Epit\u00e1cio trabalhou \u00a005 anos\u00a0 pois, a\u00a0 partir de 1997 inicia com ajuda do papai sua grande carreira \u00a0numa secretaria\u00a0 do munic\u00edpio do Rio de Janeiro com exatos 27 anos, estuda economia, mas n\u00e3o consegue terminar o curso. Em 2002 elege-se deputado federal, \u00a0finalmente descobre sua voca\u00e7\u00e3o: Pol\u00edtico profissional, hoje, deve t\u00e1 com o rabo cheio de dinheiro.Ficou rico na pol\u00edtica.<\/span><\/div>\n<div id=\"yui_3_16_0_1_1497109442533_3028\"><span id=\"yui_3_16_0_1_1497109442533_3029\">\u00a0Epit\u00e1cio, como presidente da c\u00e2mara,declarou em alto e bom som : A justi\u00e7a do trabalho devia ser extinta. Se esse fdp, tivesse trabalhado,para se manter com carteira\u00a0 assinada, \u00a0ser\u00e1 que \u00a0defenderia a extin\u00e7\u00e3o da Justi\u00e7a do Trabalho? \u00a0Citado na dela\u00e7\u00e3o Odebrecht, come\u00e7a defender com unhas e dentes o combate a corrup\u00e7\u00e3o.<\/span><\/div>\n<div id=\"yui_3_16_0_1_1497109442533_3031\"><span id=\"yui_3_16_0_1_1497109442533_3032\">\u00a0Hoje \u00e9 dif\u00edcil \u00a0apontar um pol\u00edtico honesto, mais eles existem&#8230;..s\u00e3o raros.Dos 589 parlamentares que fazem parte do congresso nacional, todos, sem exce\u00e7\u00e3o podem ser chamados de picaretas.<\/span><\/div>\n<div id=\"yui_3_16_0_1_1497109442533_3034\"><span id=\"yui_3_16_0_1_1497109442533_3035\">Por conta do decoro parlamentar chamar ladr\u00e3o de excel\u00eancia nos remete a \u00a0afirmar s\u00e3o todos do mesmo naipe. S\u00c3O VAGABUNDOS. &#8230;&#8230;&#8230;&#8230;.<\/span><\/div>\n<div id=\"yui_3_16_0_1_1497109442533_3037\"><span id=\"yui_3_16_0_1_1497109442533_3038\">\u00a0<\/span><\/div>\n<h2 id=\"yui_3_16_0_1_1497109442533_3040\" style=\"text-align: center;\"><span style=\"color: #000000;\"><strong><span id=\"yui_3_16_0_1_1497109442533_3041\">TONHODEMACUCO<\/span><\/strong><\/span><\/h2>\n<h2 id=\"yui_3_16_0_1_1497109442533_3043\" style=\"text-align: center;\"><span style=\"color: #000000;\"><strong><span id=\"yui_3_16_0_1_1497109442533_3044\">JUNHO\/2017<\/span><\/strong><\/span><\/h2>\n<h2 class=\"PostHeaderIcon-wrapper\">&#8212;<\/h2>\n<h2 class=\"PostHeaderIcon-wrapper\"><span class=\"PostHeader\"><a title=\"Permanent Link to ESCULHAMBOU GERAL II\" href=\"http:\/\/www.r2cpress.com.br\/v1\/2017\/06\/04\/esculhambou-geral-ii\/\" rel=\"bookmark\">ESCULHAMBOU GERAL II<\/a><\/span><\/h2>\n<div class=\"PostMetadataHeader\"><\/div>\n","protected":false},"excerpt":{"rendered":"<p>\u00a0Semana passada comentando sobre os pilares da democracia tupiniquim disse que os nosso tr\u00eas poderes s\u00e3o podres, e que o \u00a0legislativo est\u00e1 abarrotado de picaretas, ladr\u00f5es, e que \u00a0por conta desses delet\u00e9rios, estamos chegando ao fundo do po\u00e7o. \u00a0Rodrigo Felinto Ibarra Epit\u00e1cio Maia,nascido em 1970 no Chile, \u00e9 o pol\u00edtico \u00a0presidente da c\u00e2mara Federal do [&hellip;]<\/p>\n","protected":false},"author":2,"featured_media":0,"comment_status":"open","ping_status":"open","sticky":false,"template":"","format":"standard","meta":{"_links_to":"","_links_to_target":""},"categories":[10],"tags":[],"_links":{"self":[{"href":"https:\/\/www.r2cpress.com.br\/v1\/wp-json\/wp\/v2\/posts\/110168"}],"collection":[{"href":"https:\/\/www.r2cpress.com.br\/v1\/wp-json\/wp\/v2\/posts"}],"about":[{"href":"https:\/\/www.r2cpress.com.br\/v1\/wp-json\/wp\/v2\/types\/post"}],"author":[{"embeddable":true,"href":"https:\/\/www.r2cpress.com.br\/v1\/wp-json\/wp\/v2\/users\/2"}],"replies":[{"embeddable":true,"href":"https:\/\/www.r2cpress.com.br\/v1\/wp-json\/wp\/v2\/comments?post=110168"}],"version-history":[{"count":3,"href":"https:\/\/www.r2cpress.com.br\/v1\/wp-json\/wp\/v2\/posts\/110168\/revisions"}],"predecessor-version":[{"id":110171,"href":"https:\/\/www.r2cpress.com.br\/v1\/wp-json\/wp\/v2\/posts\/110168\/revisions\/110171"}],"wp:attachment":[{"href":"https:\/\/www.r2cpress.com.br\/v1\/wp-json\/wp\/v2\/media?parent=110168"}],"wp:term":[{"taxonomy":"category","embeddable":true,"href":"https:\/\/www.r2cpress.com.br\/v1\/wp-json\/wp\/v2\/categories?post=110168"},{"taxonomy":"post_tag","embeddable":true,"href":"https:\/\/www.r2cpress.com.br\/v1\/wp-json\/wp\/v2\/tags?post=110168"}],"curies":[{"name":"wp","href":"https:\/\/api.w.org\/{rel}","templated":true}]}}