{"id":110582,"date":"2017-06-27T18:56:01","date_gmt":"2017-06-27T21:56:01","guid":{"rendered":"http:\/\/www.r2cpress.com.br\/v1\/?p=110582"},"modified":"2017-06-27T18:56:01","modified_gmt":"2017-06-27T21:56:01","slug":"em-camamu-rui-entrega-unidades-de-saude-e-assina-convenios-para-a-agricultura-familiar","status":"publish","type":"post","link":"https:\/\/www.r2cpress.com.br\/v1\/2017\/06\/27\/em-camamu-rui-entrega-unidades-de-saude-e-assina-convenios-para-a-agricultura-familiar\/","title":{"rendered":"Em Camamu, Rui entrega unidades de sa\u00fade e assina conv\u00eanios para a agricultura familiar"},"content":{"rendered":"<p>Mais sa\u00fade e fortalecimento da agricultura familiar de Camamu, na regi\u00e3o baixo-sul da Bahia. O governador Rui Costa inaugurou, nesta ter\u00e7a-feira (27), um Centro de Refer\u00eancia de Educa\u00e7\u00e3o Especial Inclusiva (CREI), destinado ao atendimento de crian\u00e7as com necessidade especiais, e uma Unidade de Sa\u00fade da Fam\u00edlia (USF), no bairro da Rondagem, disponibilizando atendimento m\u00e9dico e odontol\u00f3gico de qualidade para a popula\u00e7\u00e3o. A USF recebeu R$ 185 mil em investimentos, enquanto no centro foram investidos R$ 80 mil.<\/p>\n<div id=\"attachment_110583\" style=\"width: 610px\" class=\"wp-caption aligncenter\"><img aria-describedby=\"caption-attachment-110583\" loading=\"lazy\" class=\"size-full wp-image-110583\" src=\"http:\/\/www.r2cpress.com.br\/v1\/wp-content\/uploads\/2017\/06\/Foto_Mateus-Pereira_GOVBA.jpeg\" alt=\"\" width=\"600\" height=\"400\" srcset=\"https:\/\/www.r2cpress.com.br\/v1\/wp-content\/uploads\/2017\/06\/Foto_Mateus-Pereira_GOVBA.jpeg 600w, https:\/\/www.r2cpress.com.br\/v1\/wp-content\/uploads\/2017\/06\/Foto_Mateus-Pereira_GOVBA-300x200.jpeg 300w\" sizes=\"(max-width: 600px) 100vw, 600px\" \/><p id=\"caption-attachment-110583\" class=\"wp-caption-text\"><em><strong>Foto_Mateus Pereira_GOVBA<\/strong><\/em><\/p><\/div>\n<p>O governador tamb\u00e9m entregou uma ambul\u00e2ncia tipo A, no valor de R$ 79 mil. &#8220;Quando coloquei a regionaliza\u00e7\u00e3o da sa\u00fade e a constru\u00e7\u00e3o de sete novas unidades de sa\u00fade no programa de governo, muitos pensaram: &#8216;esse vai se dar mal, porque n\u00e3o vai fazer&#8217;. N\u00f3s estamos provando que \u00e9 poss\u00edvel. Estamos regionalizando e trazendo servi\u00e7os de sa\u00fade para o interior da Bahia. Esta \u00e9 uma forma de respeitar o povo do interior. N\u00e3o \u00e9 plaus\u00edvel que as pessoas viajem 600 ou 800 quil\u00f4metros para ter assist\u00eancia de sa\u00fade&#8221;, destacou Rui.<\/p>\n<div id=\"attachment_110584\" style=\"width: 610px\" class=\"wp-caption aligncenter\"><img aria-describedby=\"caption-attachment-110584\" loading=\"lazy\" class=\"size-full wp-image-110584\" src=\"http:\/\/www.r2cpress.com.br\/v1\/wp-content\/uploads\/2017\/06\/Foto_Mateus-Pereira_GOVBA-2.jpg\" alt=\"\" width=\"600\" height=\"400\" srcset=\"https:\/\/www.r2cpress.com.br\/v1\/wp-content\/uploads\/2017\/06\/Foto_Mateus-Pereira_GOVBA-2.jpg 600w, https:\/\/www.r2cpress.com.br\/v1\/wp-content\/uploads\/2017\/06\/Foto_Mateus-Pereira_GOVBA-2-300x200.jpg 300w\" sizes=\"(max-width: 600px) 100vw, 600px\" \/><p id=\"caption-attachment-110584\" class=\"wp-caption-text\"><em><strong>Foto_Mateus Pereira_GOVBA<\/strong><\/em><\/p><\/div>\n<p>Durante a visita, o governador ainda autorizou a Secretaria de Desenvolvimento Rural (SDR) a celebrar conv\u00eanios para a emiss\u00e3o de t\u00edtulos de terra na sede e distritos do munic\u00edpio e tamb\u00e9m no \u00e2mbito do Bahia Produtiva. Em Camamu, a iniciativa da SDR selecionou nove subprojetos, que beneficiar\u00e3o diretamente 217 fam\u00edlias, com investimento de mais R$ 2,4 milh\u00f5es.<\/p>\n<p>O objetivo do Bahia Produtiva \u00e9 financiar projetos de inclus\u00e3o produtiva e acesso ao mercado, socioambientais, de abastecimento de \u00e1gua e esgotamento sanit\u00e1rio, de interesse das comunidades mais pobres da Bahia, nos 27 Territ\u00f3rios de Identidade do Estado. &#8220;Isso significa fortalecer a agricultura familiar, fortalecer o pequeno agricultor e melhorar a economia da regi\u00e3o. Portanto, representa melhoria na vida das pessoas&#8221;, acrescentou Rui.<\/p>\n<p>Tamb\u00e9m foram doadas, por meio da SDR, 50 barracas para qualifica\u00e7\u00e3o da feira livre e dinamiza\u00e7\u00e3o da comercializa\u00e7\u00e3o dos produtos da agricultura familiar do munic\u00edpio, com investimento de R$ 40,2 mil. Desde 2015, o Governo da Bahia j\u00e1 entregou 6.701 barracas, em 150 munic\u00edpios. Estiveram presentes durante a visita do governador os secret\u00e1rios de Desenvolvimento Rural, Jer\u00f4nimo Rodrigues, e da Sa\u00fade, F\u00e1bio Vilas-Boas.<\/p>\n","protected":false},"excerpt":{"rendered":"<p>Mais sa\u00fade e fortalecimento da agricultura familiar de Camamu, na regi\u00e3o baixo-sul da Bahia. O governador Rui Costa inaugurou, nesta ter\u00e7a-feira (27), um Centro de Refer\u00eancia de Educa\u00e7\u00e3o Especial Inclusiva (CREI), destinado ao atendimento de crian\u00e7as com necessidade especiais, e uma Unidade de Sa\u00fade da Fam\u00edlia (USF), no bairro da Rondagem, disponibilizando atendimento m\u00e9dico e [&hellip;]<\/p>\n","protected":false},"author":2,"featured_media":0,"comment_status":"open","ping_status":"open","sticky":false,"template":"","format":"standard","meta":{"_links_to":"","_links_to_target":""},"categories":[29],"tags":[],"_links":{"self":[{"href":"https:\/\/www.r2cpress.com.br\/v1\/wp-json\/wp\/v2\/posts\/110582"}],"collection":[{"href":"https:\/\/www.r2cpress.com.br\/v1\/wp-json\/wp\/v2\/posts"}],"about":[{"href":"https:\/\/www.r2cpress.com.br\/v1\/wp-json\/wp\/v2\/types\/post"}],"author":[{"embeddable":true,"href":"https:\/\/www.r2cpress.com.br\/v1\/wp-json\/wp\/v2\/users\/2"}],"replies":[{"embeddable":true,"href":"https:\/\/www.r2cpress.com.br\/v1\/wp-json\/wp\/v2\/comments?post=110582"}],"version-history":[{"count":2,"href":"https:\/\/www.r2cpress.com.br\/v1\/wp-json\/wp\/v2\/posts\/110582\/revisions"}],"predecessor-version":[{"id":110586,"href":"https:\/\/www.r2cpress.com.br\/v1\/wp-json\/wp\/v2\/posts\/110582\/revisions\/110586"}],"wp:attachment":[{"href":"https:\/\/www.r2cpress.com.br\/v1\/wp-json\/wp\/v2\/media?parent=110582"}],"wp:term":[{"taxonomy":"category","embeddable":true,"href":"https:\/\/www.r2cpress.com.br\/v1\/wp-json\/wp\/v2\/categories?post=110582"},{"taxonomy":"post_tag","embeddable":true,"href":"https:\/\/www.r2cpress.com.br\/v1\/wp-json\/wp\/v2\/tags?post=110582"}],"curies":[{"name":"wp","href":"https:\/\/api.w.org\/{rel}","templated":true}]}}