{"id":110595,"date":"2017-06-28T16:00:42","date_gmt":"2017-06-28T19:00:42","guid":{"rendered":"http:\/\/www.r2cpress.com.br\/v1\/?p=110595"},"modified":"2017-06-28T16:00:42","modified_gmt":"2017-06-28T19:00:42","slug":"rui-inaugura-ala-pediatrica-do-hospital-de-eunapolis-e-acompanha-entrega-de-oculos-do-programa-oftalmovel","status":"publish","type":"post","link":"https:\/\/www.r2cpress.com.br\/v1\/2017\/06\/28\/rui-inaugura-ala-pediatrica-do-hospital-de-eunapolis-e-acompanha-entrega-de-oculos-do-programa-oftalmovel\/","title":{"rendered":"Rui inaugura Ala Pedi\u00e1trica do Hospital de Eun\u00e1polis e acompanha entrega de \u00f3culos do programa Oftalm\u00f3vel"},"content":{"rendered":"<p>Nesta quinta-feira (29) \u00e0 tarde, \u00e0s 15h, em Eun\u00e1polis, no extremo sul da Bahia, o governador Rui Costa inaugura a Ala Pedi\u00e1trica do Hospital Regional de Eun\u00e1polis. Em seguida, \u00e0s 16h, o governador acompanha as a\u00e7\u00f5es do Programa Sa\u00fade sem Fronteiras, no Rotary Club, na Avenida Princesa Isabel, no bairro Pequi, onde ocorre a Feira da Cidadania Oftalm\u00f3vel, com a entrega de \u00f3culos para a popula\u00e7\u00e3o de baixa renda que passaram por avalia\u00e7\u00f5es oftalmol\u00f3gicas. Rui tamb\u00e9m assina termo para asfaltamento de 225 mil metros quadrados em 106 ruas da cidade.<\/p>\n","protected":false},"excerpt":{"rendered":"<p>Nesta quinta-feira (29) \u00e0 tarde, \u00e0s 15h, em Eun\u00e1polis, no extremo sul da Bahia, o governador Rui Costa inaugura a Ala Pedi\u00e1trica do Hospital Regional de Eun\u00e1polis. Em seguida, \u00e0s 16h, o governador acompanha as a\u00e7\u00f5es do Programa Sa\u00fade sem Fronteiras, no Rotary Club, na Avenida Princesa Isabel, no bairro Pequi, onde ocorre a Feira [&hellip;]<\/p>\n","protected":false},"author":2,"featured_media":0,"comment_status":"open","ping_status":"open","sticky":false,"template":"","format":"standard","meta":{"_links_to":"","_links_to_target":""},"categories":[29,24],"tags":[],"_links":{"self":[{"href":"https:\/\/www.r2cpress.com.br\/v1\/wp-json\/wp\/v2\/posts\/110595"}],"collection":[{"href":"https:\/\/www.r2cpress.com.br\/v1\/wp-json\/wp\/v2\/posts"}],"about":[{"href":"https:\/\/www.r2cpress.com.br\/v1\/wp-json\/wp\/v2\/types\/post"}],"author":[{"embeddable":true,"href":"https:\/\/www.r2cpress.com.br\/v1\/wp-json\/wp\/v2\/users\/2"}],"replies":[{"embeddable":true,"href":"https:\/\/www.r2cpress.com.br\/v1\/wp-json\/wp\/v2\/comments?post=110595"}],"version-history":[{"count":1,"href":"https:\/\/www.r2cpress.com.br\/v1\/wp-json\/wp\/v2\/posts\/110595\/revisions"}],"predecessor-version":[{"id":110596,"href":"https:\/\/www.r2cpress.com.br\/v1\/wp-json\/wp\/v2\/posts\/110595\/revisions\/110596"}],"wp:attachment":[{"href":"https:\/\/www.r2cpress.com.br\/v1\/wp-json\/wp\/v2\/media?parent=110595"}],"wp:term":[{"taxonomy":"category","embeddable":true,"href":"https:\/\/www.r2cpress.com.br\/v1\/wp-json\/wp\/v2\/categories?post=110595"},{"taxonomy":"post_tag","embeddable":true,"href":"https:\/\/www.r2cpress.com.br\/v1\/wp-json\/wp\/v2\/tags?post=110595"}],"curies":[{"name":"wp","href":"https:\/\/api.w.org\/{rel}","templated":true}]}}