{"id":110648,"date":"2017-06-30T10:17:44","date_gmt":"2017-06-30T13:17:44","guid":{"rendered":"http:\/\/www.r2cpress.com.br\/v1\/?p=110648"},"modified":"2017-06-30T10:17:44","modified_gmt":"2017-06-30T13:17:44","slug":"secultba-celebra-o-2-de-julho-com-exposicoes-palestras-aulas-itinerantes-e-filarmonicas","status":"publish","type":"post","link":"https:\/\/www.r2cpress.com.br\/v1\/2017\/06\/30\/secultba-celebra-o-2-de-julho-com-exposicoes-palestras-aulas-itinerantes-e-filarmonicas\/","title":{"rendered":"SecultBA celebra o 2 de Julho com exposi\u00e7\u00f5es, palestras, aulas itinerantes e filarm\u00f4nicas"},"content":{"rendered":"<p><center><em><strong>As atividades s\u00e3o realizadas atrav\u00e9s das diversas unidades da secretaria<\/strong><\/em><\/center><div id=\"attachment_110650\" style=\"width: 610px\" class=\"wp-caption aligncenter\"><img aria-describedby=\"caption-attachment-110650\" loading=\"lazy\" src=\"http:\/\/www.r2cpress.com.br\/v1\/wp-content\/uploads\/2017\/06\/ACabocla_foto_Camila-Souza_GovBA.jpeg\" alt=\"\" width=\"600\" height=\"400\" class=\"size-full wp-image-110650\" srcset=\"https:\/\/www.r2cpress.com.br\/v1\/wp-content\/uploads\/2017\/06\/ACabocla_foto_Camila-Souza_GovBA.jpeg 600w, https:\/\/www.r2cpress.com.br\/v1\/wp-content\/uploads\/2017\/06\/ACabocla_foto_Camila-Souza_GovBA-300x200.jpeg 300w\" sizes=\"(max-width: 600px) 100vw, 600px\" \/><p id=\"caption-attachment-110650\" class=\"wp-caption-text\">A Cabocla_foto_Camila Souza_GovBA<\/p><\/div>Uma programa\u00e7\u00e3o extensa de atividades promovidas pela Secretaria de Cultura do Estado da Bahia (SecultBA) comemora o 2 de julho, data magna da Independ\u00eancia da Bahia, entre 30 de junho e todo o m\u00eas de julho. Exposi\u00e7\u00f5es, palestras, aulas itinerantes, mesas redondas, al\u00e9m da participa\u00e7\u00e3o das filarm\u00f4nicas e manifesta\u00e7\u00f5es culturais no desfile c\u00edvico, est\u00e3o entre as a\u00e7\u00f5es promovidas na capital e no interior do estado atrav\u00e9s da Funda\u00e7\u00e3o Pedro Calmon (FPC), Instituto do Patrim\u00f4nio Art\u00edstico e Cultural (IPAC) Centro de Culturas Populares e Identit\u00e1rias (CCPI) e Funda\u00e7\u00e3o Cultural do Estado da Bahia (FUNCEB), entidades vinculadas \u00e0 SecultBA.<\/p>\n<p>Na sexta-feira (30), a FPC inicia o Col\u00f3quio &#8220;Guerra e Identidade: A Independ\u00eancia do Brasil na Bahia&#8221; e as Rotas Hist\u00f3ricas, que promover\u00e3o um conhecimento mais \u00edntimo sobre as batalhas e lutas pela independ\u00eancia. As inscri\u00e7\u00f5es s\u00e3o gratuitas e est\u00e3o dispon\u00edveis no site da FPC. A rota ter\u00e1 in\u00edcio em Caetit\u00e9, saindo do Arquivo Municipal da cidade para uma excurs\u00e3o, \u00e0s 9h, orientada pelo Prof. Me. Mois\u00e9s Amado Frutuoso.<\/p>\n<p><!--more--><\/p>\n<p>S\u00e1bado (01), 16h, a Sala Principal do Teatro Castro Alves recebe o II Encontro de Filarm\u00f4nicas, iniciativa do N\u00facleos Estaduais de Orquestras Juvenis e Infantis da Bahia (NEOJIBA), da Federa\u00e7\u00e3o das Bandas de Filarm\u00f4nicas da Bahia (FEBAF) e da Funceb. Estar\u00e3o reunidas a Filarm\u00f4nica Guerreiros do Sol (Dias D&#8217;\u00c1vila), a Filarm\u00f4nica 19 de Setembro (Ibipeba) e a Filarm\u00f4nica e Coral Juvenil 4 de Janeiro (Iti\u00faba), que fazem parte da FEBAF. O NEOJIBA tamb\u00e9m participa do encontro com sua Banda Sinf\u00f4nica e com a Banda Sinf\u00f4nica Portal do Sert\u00e3o, do N\u00facleo Ant\u00f4nio Gasparini, sediado em Feira de Santana. A entrada \u00e9 gratuita e os ingressos ser\u00e3o distribu\u00eddos na bilheteria do teatro a partir das 15h, no dia do evento.<\/p>\n<p>No tradicional cortejo em homenagem \u00e0 Independ\u00eancia da Bahia, que acontece domingo, 2 de julho, a FUNCEB promove a participa\u00e7\u00e3o de 10 bandas filarm\u00f4nicas  e 03 manifesta\u00e7\u00f5es culturais, da capital e de v\u00e1rias cidades do interior do estado. Acompanhadas pela Coordena\u00e7\u00e3o de M\u00fasica da Diretoria das Artes (Dirart), desfilam Lira Popular Muritibana (Muritiba), Filarm\u00f4nica 24 de Junho (Jeremoabo), Amantes da Lyra (Santo Ant\u00f4nio de Jesus), Sociedade L\u00edtero Musical Minerva Cachoeirana (Cachoeira), Sociedade Filarm\u00f4nica 2 de Janeiro (Jacobina), Sociedade Filarm\u00f4nica Filhos de Apolo (Santo Amaro), Sociedade Filarm\u00f4nica Lira Oliveirense (Santo Amaro), Sociedade Filarm\u00f4nica Ramo da Oliveira (Santo Amaro), Sociedade Filarm\u00f4nica Uni\u00e3o Sanfelixta (S\u00e3o Felix) e Sociedade Recreativa e Cultural Filarm\u00f4nica 30 de Junho (Serrinha). Tamb\u00e9m participam as manifesta\u00e7\u00f5es tradicionais Chegan\u00e7a dos Marujos Fragata Brasileira (Saubara), o Grupo Folcl\u00f3rico As Paparutas da Ilha do Paty (S\u00e3o Francisco do Conde) e o Samba de Roda de Dona Dalva (Cachoeira).<\/p>\n<p>Pela manh\u00e3 o desfile sai de Piraj\u00e1, chega ao Largo da Lapinha onde inclui o Caboclo e a Cabocla e segue para o Terreiro de Jesus no Centro Hist\u00f3rico. No Largo do Pelourinho, o cortejo c\u00edvico \u00e9 saudado com a recep\u00e7\u00e3o calorosa dos clarins, que j\u00e1 se tornaram tradicionais na sacada do Centro de Culturas Populares e Identit\u00e1rias (CCPI), casa 12. Pela tarde o Cortejo sai da Pra\u00e7a Municipal em dire\u00e7\u00e3o ao Campo Grande, onde \u00e9 finalizado.<\/p>\n<p>Retomando a programa\u00e7\u00e3o do Col\u00f3quio, o Centro de Mem\u00f3ria da Bahia realiza entre os dias 3 e 6 de julho uma s\u00e9rie de palestras e mesas redondas no audit\u00f3rio K\u00e1tia Mattoso \u2013 Biblioteca Central do Estado da Bahia, Barris. A confer\u00eancia de abertura ser\u00e1 ministrada pelo Prof. Dr. Hendrik Kraay (University of Calgary), na segunda-feira (3), \u00e0s 19h. Kraay \u00e9 especialista em hist\u00f3ria do Brasil e atualmente desenvolve pesquisas sobre a festa do 2 de Julho. No dia seguinte, ter\u00e7a (4), \u00e0s 14h, haver\u00e1 a Mesa-Redonda I &#8211; 2 de Julho: Perman\u00eancias e Atualidades, com Prof. Dr. Joc\u00e9lio Teles dos Santos (UFBA) e a Prof\u00aa. Dr\u00aa. Wlamyra Ribeiro de Albuquerque (UFBA). \u00c0 noite, 19h, ser\u00e1 a Mesa-Redonda II &#8211; Caminhos da Independ\u00eancia: Sujeitos e Institui\u00e7\u00f5es, com o Prof. Dr. Igor Gomes (IFBA) e o Prof. Ms. Mois\u00e9is Amado Frutuoso.<\/p>\n<p>Quarta-feira (05) ser\u00e1 a vez de Salvador servir de cen\u00e1rio para a Rota Hist\u00f3rica, que leva os espectadores de van da Biblioteca Central da Bahia (Barris), \u00e0s 8h, em dire\u00e7\u00e3o \u00e0 Piraj\u00e1, Lapinha e ao Terreiro de Jesus. Na volta, passar\u00e1 pela Pra\u00e7a Municipal, Convento da Lapa, Pra\u00e7a da Piedade e Campo Grande, at\u00e9 retornar \u00e0 Biblioteca, por volta do meio-dia.  \u00c0s 14h, no Audit\u00f3rio K\u00e1tia Mattoso, a Mesa-Redonda III &#8211; Tens\u00f5es e Conflitos ter\u00e1 a participa\u00e7\u00e3o do Prof. Ms. Marcelo Siquara (CPM-Ba) e do Prof. Ms. Lucas Junqueira (UFOB).<\/p>\n<p>Durante a noite, \u00e0s 18h, acontece na Biblioteca a apresenta\u00e7\u00e3o do grupo de samba de roda Barquinha de Bom Jesus dos Pobres, comemorando tamb\u00e9m A Volta da Cabocla, que celebra a volta dos carros emblem\u00e1ticos do Caboclo e da Cabocla do Campo Grande para a Lapinha. Tamb\u00e9m nesta ocasi\u00e3o o cortejo vai ser saudado por clarins na sede do CCPI, no Largo do Pelourinho.<\/p>\n<p>A Ilha de Itaparica ser\u00e1 o \u00faltimo cen\u00e1rio da Rota Hist\u00f3rica. A aula p\u00fablica come\u00e7ar\u00e1 \u00e0s 9h de quinta-feira (6), na Biblioteca Juracy Magalh\u00e3es Jr (Itaparica). De l\u00e1, o p\u00fablico percorrer\u00e1 a cidade at\u00e9 chegar ao Forte de S\u00e3o Louren\u00e7o \u2013 localiza\u00e7\u00e3o estrat\u00e9gica que assegurava o n\u00e3o abastecimento das tropas portuguesas durante a guerra.. Em Salvador, na Biblioteca dos Barris, \u00e0s 14h, acontecer\u00e1 a Mesa-Redonda IV &#8211; Brasileiros Independentes, e agora? Reorganiza\u00e7\u00e3o social e pol\u00edtica p\u00f3s-conflitos de independ\u00eancia, com o Prof. Dr. Dilton Ara\u00fajo (UFBA) e a Profa. Ms. Elisa Ribeiro (SEEBA). Neste dia, o Prof. Dr. Sergio Guerra Filho (UFRB) far\u00e1 a Confer\u00eancia de Encerramento do Col\u00f3quio, \u00e0s 19h. A Funda\u00e7\u00e3o Pedro Calmon continua realizando diversas a\u00e7\u00f5es durante todo o m\u00eas em comemora\u00e7\u00e3o \u00e0 Independ\u00eancia da Bahia, como as oficinas de v\u00eddeo, rap e escrita criativa nos bairros de Cajazeiras, Piraj\u00e1 e Itacaranha, aul\u00f5es de hist\u00f3ria nas escolas p\u00fablicas, apresenta\u00e7\u00f5es culturais e novas palestras. A programa\u00e7\u00e3o completa est\u00e1 dispon\u00edvel abaixo e no site.<\/p>\n<p>Mem\u00f3rias do 2 de julho<br \/>\nO 2 de Julho \u00e9 tamb\u00e9m o tema da nova exposi\u00e7\u00e3o que a Diretoria de Museus do Instituto do Patrim\u00f4nio Art\u00edstico e Cultural (DIMUS\/IPAC) faz em parceria com a CCR Metr\u00f4 Bahia. A mostra &#8220;Salve o Dois de Julho: Mem\u00f3rias da Independ\u00eancia da Bahia&#8221; fica em cartaz na Esta\u00e7\u00e3o Piraj\u00e1 de Metr\u00f4 a partir de s\u00e1bado (01) at\u00e9 o dia 09 de julho, e re\u00fane 20 pain\u00e9is que contam a hist\u00f3ria da Independ\u00eancia da Bahia, atrav\u00e9s de fotos e postais do acervo do Museu Tempostal e acervo do Ipac\/SecultBA; e refer\u00eancias do livro &#8220;Hist\u00f3ria da Bahia&#8221;, do historiador baiano Lu\u00eds Henrique Dias Tavares. Nos pain\u00e9is, o p\u00fablico poder\u00e1 conhecer mais sobre os acontecimentos no roteiro do evento que re\u00fane localidades como o bairro de Piraj\u00e1, antiga estrada das Boiadas \u2013 atual Avenida Lima e Silva \u2013 e da Lapinha.<\/p>\n<p>Aberto para visita\u00e7\u00e3o, o Arquivo P\u00fablico do Estado da Bahia realiza a Exposi\u00e7\u00e3o de Documentos da Independ\u00eancia do Brasil na Bahia, que tem abertura na segunda-feira, 03, \u00e0s 14h, e segue at\u00e9 o final do m\u00eas. Tamb\u00e9m est\u00e1 dispon\u00edvel gratuitamente no site da Biblioteca Virtual Consuelo Pond\u00e9 a sua cole\u00e7\u00e3o de artigos, entrevistas, jogos virtuais, documentos, revistas, fotografias e imagens sobre esse importante momento hist\u00f3rico do estado<\/p>\n<p>Programa\u00e7\u00e3o<\/p>\n<p>Rota Hist\u00f3rica \u2013 Caetit\u00e9<\/p>\n<p>Quando: sexta-feira, 30 de junho<\/p>\n<p>Sa\u00edda: Arquivo Municipal de Caetit\u00e9, 9h<\/p>\n<p>Inscri\u00e7\u00f5es gratuitas<\/p>\n<p>Mostra Salve o Dois de Julho: Mem\u00f3rias da Independ\u00eancia<\/p>\n<p>Quando: 01 de julho a 09 de julho<\/p>\n<p>Local: Esta\u00e7\u00e3o Piraj\u00e1 de Metr\u00f4<\/p>\n<p>Exposi\u00e7\u00e3o de Documentos da Independ\u00eancia do Brasil na Bahia<\/p>\n<p>Abertura: 03 de julho, 14h<\/p>\n<p>Perman\u00eancia: 04 a 31 de julho, seg a sex, das 8h30 \u00e0s 12h30 e de 13h30 a 17h30<\/p>\n<p>Local: Arquivo P\u00fablico do Estado da Bahia<\/p>\n<p>Entrada gratuita<\/p>\n<p>II Encontro de Filarm\u00f4nicas<\/p>\n<p>Quando: s\u00e1bado, 01 de julho, 16h<\/p>\n<p>Local: Sala Principal do Teatro Castro Alves<\/p>\n<p>Ingressos gratuitos distribu\u00eddos a partir das 15h<\/p>\n<p>Cortejo C\u00edvico 2 de Julho<\/p>\n<p>Participa\u00e7\u00e3o das filarm\u00f4nicas e manifesta\u00e7\u00f5es tradicionais<\/p>\n<p>Quando: domingo, 02 de julho<\/p>\n<p>Manh\u00e3: Piraj\u00e1 ao Centro Hist\u00f3rico<\/p>\n<p>Tarde: Centro Hist\u00f3rico ao Campo Grande<\/p>\n<p>Col\u00f3quio &#8220;Guerra e Identidade: A Independ\u00eancia do Brasil na Bahia&#8221;<\/p>\n<p>Confer\u00eancia de Abertura<\/p>\n<p>Quando: segunda-feira, 3 de julho, 19h<\/p>\n<p>Local: Audit\u00f3rio K\u00e1tia Mattoso, Biblioteca dos Barris<\/p>\n<p>Inscri\u00e7\u00f5es gratuitas<\/p>\n<p>Col\u00f3quio &#8220;Guerra e Identidade: A Independ\u00eancia do Brasil na Bahia&#8221;<\/p>\n<p>Mesa-Redonda I &#8211; 2 de Julho: Perman\u00eancias e Atualidades<\/p>\n<p>Quando: ter\u00e7a-feira, 4 de julho, 14h<\/p>\n<p>Local: Audit\u00f3rio K\u00e1tia Mattoso, Biblioteca dos Barris<\/p>\n<p>Inscri\u00e7\u00f5es gratuitas<\/p>\n<p>Col\u00f3quio &#8220;Guerra e Identidade: A Independ\u00eancia do Brasil na Bahia&#8221;<\/p>\n<p>Mesa-Redonda II &#8211; Caminhos da Independ\u00eancia: Sujeitos e Institui\u00e7\u00f5es<\/p>\n<p>Quando: ter\u00e7a-feira, 4 de julho, 19h<\/p>\n<p>Local: Audit\u00f3rio K\u00e1tia Mattoso, Biblioteca dos Barris<\/p>\n<p>Inscri\u00e7\u00f5es gratuitas<\/p>\n<p>Rota Hist\u00f3rica \u2013 Salvador<\/p>\n<p>Quando: quarta-feira, 5 de Julho<\/p>\n<p>Sa\u00edda: Biblioteca Central da Bahia (Barris), 9h<\/p>\n<p>Inscri\u00e7\u00f5es gratuitas<\/p>\n<p>Col\u00f3quio &#8220;Guerra e Identidade: A Independ\u00eancia do Brasil na Bahia&#8221;<\/p>\n<p>Mesa-Redonda III &#8211; Tens\u00f5es e Conflitos<\/p>\n<p>Quando: quarta-feira, 5 de julho, 14h<\/p>\n<p>Local: Audit\u00f3rio K\u00e1tia Mattoso, Biblioteca dos Barris<\/p>\n<p>Inscri\u00e7\u00f5es gratuitas<\/p>\n<p>Col\u00f3quio &#8220;Guerra e Identidade: A Independ\u00eancia do Brasil na Bahia&#8221;<\/p>\n<p>Apresenta\u00e7\u00e3o Barquinha de Bom Jesus dos Pobres<\/p>\n<p>Quando: quarta-feira, 5 de julho, 18h<\/p>\n<p>Local: Audit\u00f3rio K\u00e1tia Mattoso, Biblioteca dos Barris<\/p>\n<p>Inscri\u00e7\u00f5es gratuitas<\/p>\n<p>A Volta da Cabocla<\/p>\n<p>Quando: quarta-feira, 5 de julho, 19h<\/p>\n<p>Circuito: do Campo Grande para a Lapinha<\/p>\n<p>Rota Hist\u00f3rica \u2013 Itaparica<\/p>\n<p>Quando: quinta-feira, 6 de julho<\/p>\n<p>Sa\u00edda: Biblioteca Juracy Magalh\u00e3es, 9h<\/p>\n<p>Inscri\u00e7\u00f5es gratuitas<\/p>\n<p>Col\u00f3quio &#8220;Guerra e Identidade: A Independ\u00eancia do Brasil na Bahia&#8221;<\/p>\n<p>Mesa-Redonda IV &#8211; Brasileiros Independentes, e agora? Reorganiza\u00e7\u00e3o social e pol\u00edtica p\u00f3s-conflitos de independ\u00eancia<\/p>\n<p>Quando: quinta-feira, 6 de julho, 14h<\/p>\n<p>Local: Audit\u00f3rio K\u00e1tia Mattoso, Biblioteca dos Barris<\/p>\n<p>Inscri\u00e7\u00f5es gratuitas<\/p>\n<p>Col\u00f3quio &#8220;Guerra e Identidade: A Independ\u00eancia do Brasil na Bahia&#8221;<\/p>\n<p>Confer\u00eancia de encerramento<\/p>\n<p>Quando: quinta-feira, 6 de julho, 19h<\/p>\n<p>Local: Audit\u00f3rio K\u00e1tia Mattoso, Biblioteca dos Barris<\/p>\n<p>Inscri\u00e7\u00f5es gratuitas<\/p>\n<p>PALESTRA &#8211; As celebra\u00e7\u00f5es e o processo hist\u00f3rico na constru\u00e7\u00e3o da Cidadania<\/p>\n<p>Quando: segunda-feira, 10 de julho, 14h<\/p>\n<p>Local: Biblioteca Thales de Azevedo<\/p>\n<p>Convidada: Neide Cortizo<\/p>\n<p>Sarau po\u00e9tico, Camerata da OSBA, Fanfarra do Col\u00e9gio Ipiranga<\/p>\n<p>Quando: ter\u00e7a, 11 de julho, 15h<\/p>\n<p>LocalBiblioteca Central do Estado da Bahia<br \/>\nConvidado: Marcos Figueiredo (Marcos Peralta)<\/p>\n<p>PALESTRA &#8211; As celebra\u00e7\u00f5es e o processo hist\u00f3rico na constru\u00e7\u00e3o da Cidadania<\/p>\n<p>Quando: quarta, 12 de julho, 14h<br \/>\nLocal: Biblioteca Juracy Magalh\u00e3es Jr &#8211; Salvador<br \/>\nConvidado: Andr\u00e9 Luiz da Silva<\/p>\n<p>PALESTRA &#8211; As celebra\u00e7\u00f5es e o processo hist\u00f3rico na constru\u00e7\u00e3o da Cidadania<\/p>\n<p>Quando: quinta-feira, 13 de julho, 14h<br \/>\nLocal: Biblioteca Infantil Monteiro Lobato<br \/>\nConvidada: Josenilda Mesquita<\/p>\n<p>PALESTRA &#8211; As celebra\u00e7\u00f5es e o processo hist\u00f3rico na constru\u00e7\u00e3o da Cidadania<\/p>\n<p>Quando: sexta-feira, 14 de julho, 14h<br \/>\nLocal: Biblioteca P\u00fablica Thales de Azevedo<br \/>\nConvidada: Josenilda Mesquita<\/p>\n<p>Oficinas de V\u00eddeo, Rap e Escrita Criativa<\/p>\n<p>Quando: segunda-feira, 17 de julho, manh\u00e3<br \/>\nLocal: Cajazeiras, Piraj\u00e1 e Itacaranha<\/p>\n<p>Aul\u00e3o de hist\u00f3ria da Bahia<\/p>\n<p>Quando: segunda-feira, 17 de julho, tarde<br \/>\nLocal: Escola Municipal Gal. Labatut (Piraj\u00e1)<br \/>\nConvidado: Prof. Ms. Marcelo Siquara (CPM-Ba) <\/p>\n<p>Oficinas de V\u00eddeo, Rap e Escrita Criativa<\/p>\n<p>Quando: ter\u00e7a-feira, 18 de julho, manh\u00e3<br \/>\nLocal: Cajazeiras, Piraj\u00e1 e Itacaranha<\/p>\n<p>Aul\u00e3o de hist\u00f3ria da Bahia<\/p>\n<p>Quando: ter\u00e7a-feira, 18 de julho, tarde<br \/>\nLocal: Escola Estadual Teodoro Sampaio (Piraj\u00e1)<br \/>\nConvidado: Prof. Ms. Marcelo Siquara (CPM-Ba) <\/p>\n<p>Oficinas de V\u00eddeo, Rap e Escrita Criativa<\/p>\n<p>Quando: quarta-feira, 19 de julho manh\u00e3<br \/>\nLocal: Cajazeiras, Piraj\u00e1 e Itacaranha<\/p>\n<p>Aul\u00e3o de hist\u00f3ria da Bahia<\/p>\n<p>Quando: quarta-feira, 19 de julho, tarde<br \/>\nLocal:Col\u00e9gio Estadual Alberto Santos Dumont (Piraj\u00e1)<br \/>\nConvidado: Prof. Ms. Marcelo Siquara (CPM-Ba)<\/p>\n<p>Oficinas de V\u00eddeo, Rap e Escrita Criativa<\/p>\n<p>Quando: quinta-feira, 20 de julho, manh\u00e3<br \/>\nLocal: Cajazeiras, Piraj\u00e1 e Itacaranha<\/p>\n<p>Aul\u00e3o de hist\u00f3ria da Bahia<br \/>\nLocal: Escola Municipal Professora Alexandrina Santos Pita (Piraj\u00e1)<\/p>\n<p>Quando: quinta-feira, 20 de julho, tarde<br \/>\nConvidado: Prof. Ms. Marcelo Siquara (CPM-Ba) <\/p>\n<p>Oficinas de V\u00eddeo, Rap e Escrita Criativa<\/p>\n<p>Quando: quinta-feira, 21 de julho, manh\u00e3<br \/>\nLocal: Cajazeiras, Piraj\u00e1 e Itacaranha<\/p>\n<p>Col\u00e9gio Estadual Cesare Casali (Piraj\u00e1)<\/p>\n<p>Quando: quinta-feira, 21 de julho, tarde<br \/>\nConvidado: Prof. Ms. Marcelo Siquara (CPM-Ba) <\/p>\n<p>Oficinas de V\u00eddeo, Rap e Escrita Criativa<\/p>\n<p>Quando: segunda-feira, 24 de julho, manh\u00e3<br \/>\nLocal: Cajazeiras, Piraj\u00e1 e Itacaranha<\/p>\n<p>Aul\u00e3o de hist\u00f3ria da Bahia<\/p>\n<p>Quando: segunda-feira, 24 de julho, tarde<br \/>\nLocal: Escola de Aplica\u00e7\u00e3o do Instituto An\u00edsio Teixeira (Paralela)<br \/>\nConvidado: Prof. Ms. Marcelo Siquara (CPM-Ba)<\/p>\n<p>Oficinas de V\u00eddeo, Rap e Escrita Criativa<\/p>\n<p>Quando: ter\u00e7a-feira, 25 de julho, manh\u00e3<br \/>\nLocal: Cajazeiras, Piraj\u00e1 e Itacaranha<\/p>\n<p>Oficinas de V\u00eddeo, Rap e Escrita Criativa<\/p>\n<p>Quando: quarta-feira, 26 de julho, manh\u00e3<\/p>\n<p>Local: Cajazeiras, Piraj\u00e1 e Itacaranha<\/p>\n<p>Palestra &#8220;A Independ\u00eancia do Brasil na Bahia e seus desdobramentos&#8221;<\/p>\n<p>Quando: quinta-feira, 27 de julho, manh\u00e3<br \/>\nLocal: Arquivo P\u00fablico do Estado da Bahia<br \/>\nConvidado: Prof. Ms. Marcelo Siquara<\/p>\n<p>Oficinas de V\u00eddeo, Rap e Escrita Criativa<\/p>\n<p>Quando: sexta-feira, 28 de julho, manh\u00e3<br \/>\nLocal: Cajazeiras, Piraj\u00e1 e Itacaranha<\/p>\n<p>Exposi\u00e7\u00e3o resultante das Oficinas da DLL na Biblioteca Virtual Consuelo Pond\u00e9<\/p>\n<p>Quando: domingo, 30 de julho<\/p>\n","protected":false},"excerpt":{"rendered":"<p>As atividades s\u00e3o realizadas atrav\u00e9s das diversas unidades da secretariaUma programa\u00e7\u00e3o extensa de atividades promovidas pela Secretaria de Cultura do Estado da Bahia (SecultBA) comemora o 2 de julho, data magna da Independ\u00eancia da Bahia, entre 30 de junho e todo o m\u00eas de julho. Exposi\u00e7\u00f5es, palestras, aulas itinerantes, mesas redondas, al\u00e9m da participa\u00e7\u00e3o das [&hellip;]<\/p>\n","protected":false},"author":2,"featured_media":0,"comment_status":"open","ping_status":"open","sticky":false,"template":"","format":"standard","meta":{"_links_to":"","_links_to_target":""},"categories":[5,29],"tags":[],"_links":{"self":[{"href":"https:\/\/www.r2cpress.com.br\/v1\/wp-json\/wp\/v2\/posts\/110648"}],"collection":[{"href":"https:\/\/www.r2cpress.com.br\/v1\/wp-json\/wp\/v2\/posts"}],"about":[{"href":"https:\/\/www.r2cpress.com.br\/v1\/wp-json\/wp\/v2\/types\/post"}],"author":[{"embeddable":true,"href":"https:\/\/www.r2cpress.com.br\/v1\/wp-json\/wp\/v2\/users\/2"}],"replies":[{"embeddable":true,"href":"https:\/\/www.r2cpress.com.br\/v1\/wp-json\/wp\/v2\/comments?post=110648"}],"version-history":[{"count":5,"href":"https:\/\/www.r2cpress.com.br\/v1\/wp-json\/wp\/v2\/posts\/110648\/revisions"}],"predecessor-version":[{"id":110654,"href":"https:\/\/www.r2cpress.com.br\/v1\/wp-json\/wp\/v2\/posts\/110648\/revisions\/110654"}],"wp:attachment":[{"href":"https:\/\/www.r2cpress.com.br\/v1\/wp-json\/wp\/v2\/media?parent=110648"}],"wp:term":[{"taxonomy":"category","embeddable":true,"href":"https:\/\/www.r2cpress.com.br\/v1\/wp-json\/wp\/v2\/categories?post=110648"},{"taxonomy":"post_tag","embeddable":true,"href":"https:\/\/www.r2cpress.com.br\/v1\/wp-json\/wp\/v2\/tags?post=110648"}],"curies":[{"name":"wp","href":"https:\/\/api.w.org\/{rel}","templated":true}]}}