{"id":110667,"date":"2017-06-30T19:59:21","date_gmt":"2017-06-30T22:59:21","guid":{"rendered":"http:\/\/www.r2cpress.com.br\/v1\/?p=110667"},"modified":"2017-07-17T13:30:58","modified_gmt":"2017-07-17T16:30:58","slug":"algumas-do-dia-81","status":"publish","type":"post","link":"https:\/\/www.r2cpress.com.br\/v1\/2017\/06\/30\/algumas-do-dia-81\/","title":{"rendered":"ALGUMAS DO DIA"},"content":{"rendered":"<p class=\"rvps4\"><strong><span class=\"rvts7\">Programa Nordeste Conectado vai beneficiar\u00a0<\/span><span class=\"rvts7\">mais de 16 milh\u00f5es de pessoas<\/span><\/strong><\/p>\n<p class=\"rvps5\"><span class=\"rvts8\">O Minist\u00e9rio da Educa\u00e7\u00e3o lan\u00e7ou nesta sexta-feira (30), no Porto Digital, em Recife (PE), o Programa Nordeste Conectado, que vai interligar, em alta velocidade, institui\u00e7\u00f5es federais de educa\u00e7\u00e3o e pesquisa \u00e0 Rede Nacional de Ensino e Pesquisa (RNP) nas capitais e no interior do Nordeste. O programa vai possibilitar, tamb\u00e9m, que institui\u00e7\u00f5es de educa\u00e7\u00e3o superior e estadual de pesquisa se interliguem \u00e0 infraestrutura de internet em alta capacidade. O programa deve beneficiar mais de\u00a0 12 mil escolas p\u00fablicas, al\u00e9m de beneficiar mais de 16 milh\u00f5es de pessoas na regi\u00e3o. Com o Nordeste Conectado, essas institui\u00e7\u00f5es ter\u00e3o acesso a uma rede com possibilidade de alcan\u00e7ar uma velocidade de 100 Gbps.\u00a0<\/span><\/p>\n<p class=\"rvps6\" style=\"text-align: right;\"><strong><span class=\"rvts0\"><a class=\"rvts10\" href=\"http:\/\/portal.mec.gov.br\/component\/content\/article?id=50881\" target=\"_blank\" rel=\"noopener noreferrer\">LEIA MAIS<\/a><\/span><\/strong><\/p>\n<p class=\"rvps4\"><strong><span class=\"rvts7\">Anatel autoriza liga\u00e7\u00f5es gratuitas ao\u00a0<\/span><span class=\"rvts7\">Centro de Valoriza\u00e7\u00e3o da Vida<\/span><\/strong><\/p>\n<p class=\"rvps5\"><span class=\"rvts11\">As liga\u00e7\u00f5es para o Centro de Valoriza\u00e7\u00e3o da Vida (CVV) passar\u00e3o a ser gratuitas, de acordo com autoriza\u00e7\u00e3o da Anatel. O canal de atendimento \u00e9 volunt\u00e1rio e presta apoio emocional de preven\u00e7\u00e3o ao suic\u00eddio. Para a medida entrar em vigor, o n\u00famero 141 ser\u00e1 desativado e uma nova linha ser\u00e1 criada. Quando a mudan\u00e7a for consolidada, a discagem dever\u00e1 ser feita para 188. Hoje, as liga\u00e7\u00f5es custam em m\u00e9dia R$ 0,07 de telefones fixos e R$ 0,70 de celulares por minuto. Uma linha piloto gratuita foi implantada no Rio Grande do Sul. Durante os testes, os atendimentos triplicaram na regi\u00e3o: passaram de 3,6 mil para 9,2 mil liga\u00e7\u00f5es. O perfil das chamadas tamb\u00e9m mudou: antes, 70% eram oriundas de telefones fixos; agora, 90% delas s\u00e3o feitas pelo celular. A medida entrar\u00e1 em vigor em 180 dias.<\/span><\/p>\n<p class=\"rvps6\" style=\"text-align: right;\"><strong><span class=\"rvts0\"><a class=\"rvts10\" href=\"http:\/\/www.brasil.gov.br\/cidadania-e-justica\/2017\/06\/anatel-autoriza-ligacoes-gratuitas-ao-centro-de-valorizacao-da-vida\" target=\"_blank\" rel=\"noopener noreferrer\">LEIA MAIS<\/a><\/span><\/strong><\/p>\n<p class=\"rvps3\"><strong><span class=\"rvts0\"><span class=\"rvts13\">Plano contra trabalho infantil deve ser\u00a0<\/span><\/span><\/strong><strong><span class=\"rvts7\">entregue at\u00e9 esta sexta (30)<\/span><\/strong><\/p>\n<p class=\"rvps7\"><span class=\"rvts14\">O Minist\u00e9rio do Desenvolvimento Social (MDS) vai suspender recursos do Programa de Erradica\u00e7\u00e3o do Trabalho Infantil (Peti) de estados e munic\u00edpios que n\u00e3o apresentarem, at\u00e9 esta sexta-feira (30), projeto para erradicar o trabalho infantil. O plano deve ser detalhado com a\u00e7\u00f5es, estrat\u00e9gias e detalhes sobre a aplica\u00e7\u00e3o de recursos. Esses dados devem ser repassados ao MDS por meio do\u00a0<\/span><a class=\"rvts15\" href=\"http:\/\/blog.mds.gov.br\/redesuas\/?p=1642\" target=\"_blank\" rel=\"noopener noreferrer\">Sistema de Monitoramento do Programa de Erradica\u00e7\u00e3o do Trabalho Infantil (Simpeti)<\/a><span class=\"rvts16\">.\u00a0<\/span><span class=\"rvts14\">A decis\u00e3o de suspender as transfer\u00eancias foi aprovada em reuni\u00e3o de gestores municipais, estaduais e do governo federal na Comiss\u00e3o Intergestores Tripartite. Todos os estados e 958 munic\u00edpios que t\u00eam alta incid\u00eancia de trabalho infantil j\u00e1 recebem recursos da Uni\u00e3o.<\/span><\/p>\n<p class=\"rvps6\" style=\"text-align: right;\"><strong><span class=\"rvts0\"><a class=\"rvts10\" href=\"http:\/\/www.brasil.gov.br\/cidadania-e-justica\/2017\/06\/plano-contra-trabalho-infantil-deve-ser-entregue-ate-esta-sexta-feira-30\" target=\"_blank\" rel=\"noopener noreferrer\">LEIA MAIS<\/a><\/span><\/strong><\/p>\n<p class=\"rvps8\"><strong><span class=\"rvts18\">Sa\u00fade lan\u00e7a Plano Nacional pelo Fim da Tuberculose<\/span><\/strong><\/p>\n<p class=\"rvps5\"><span class=\"rvts8\">Durante a\u00a015\u00aa\u00a0Edi\u00e7\u00e3o da Mostra Nacional de Experi\u00eancias\u00a0Bem-Sucedidas em Epidemiologia, Preven\u00e7\u00e3o e Controle de Doen\u00e7as (Expoepi), o Minist\u00e9rio da Sa\u00fade lan\u00e7ou o\u00a0Plano Nacional pelo Fim da Tuberculose.\u00a0A meta \u00e9 chegar a menos de 10 casos por 100 mil habitantes at\u00e9 o ano de 2035.\u00a0O Brasil tem compromisso com a Organiza\u00e7\u00e3o Mundial da Sa\u00fade (OMS) de reduzir a incid\u00eancia da doen\u00e7a na popula\u00e7\u00e3o mundial, que hoje \u00e9 de 33,7 casos para cada 100 mil habitantes. Al\u00e9m disso, o pa\u00eds quer\u00a0reduzir o coeficiente de mortalidade para menos de um \u00f3bito por 100 mil habitantes.<\/span><\/p>\n<p class=\"rvps6\" style=\"text-align: right;\"><strong><span class=\"rvts0\">\u00a0<a class=\"rvts10\" href=\"http:\/\/www.brasil.gov.br\/saude\/2017\/06\/governo-lanca-plano-nacional-pelo-fim-da-tuberculose\" target=\"_blank\" rel=\"noopener noreferrer\">LEIA MAIS<\/a><\/span><\/strong><\/p>\n<p class=\"rvps9\"><strong><span class=\"rvts0\"><span class=\"rvts20\">Defesa Civil Nacional reconhece emerg\u00eancia em\u00a0<\/span><\/span><span class=\"rvts7\">17 munic\u00edpios de seis estados<\/span><\/strong><\/p>\n<p class=\"rvps5\"><span class=\"rvts8\">Nesta sexta-feira (30), 17 munic\u00edpios brasileiros tiveram a situa\u00e7\u00e3o de emerg\u00eancia reconhecida pelo Minist\u00e9rio da Integra\u00e7\u00e3o Nacional em decorr\u00eancia de desastres naturais. Eles est\u00e3o nos estados do Amazonas, Bahia, Minas Gerais, Rio Grande do Sul, Santa Catarina e S\u00e3o Paulo. Para garantir o acesso \u00e0s a\u00e7\u00f5es de apoio emergencial, a medida foi publicada no Di\u00e1rio Oficial da Uni\u00e3o. A portaria vai permitir que as prefeituras solicitem apoio do federal para socorro, assist\u00eancia, restabelecimento de servi\u00e7os essenciais e recupera\u00e7\u00e3o de \u00e1reas danificadas.<\/span><\/p>\n<p class=\"rvps6\" style=\"text-align: right;\"><strong><span class=\"rvts0\"><a class=\"rvts10\" href=\"http:\/\/integracao.gov.br\/web\/guest\/area-de-imprensa\/todas-as-noticias\/-\/asset_publisher\/YEkzzDUSRvZi\/content\/defesa-civil-nacional-reconhece-emergencia-em-17-municipios-de-seis-estados?inheritRedirect=false&amp;redirect=http:\/\/integracao.gov.br\/web\/guest\/area-de-imprensa\/todas-as-noticias?p_p_id=101_INSTANCE_YEkzzDUSRvZi&amp;p_p_lifecycle=0&amp;p_p_state=normal&amp;p_p_mode=view&amp;p_p_col_id=column-1&amp;p_p_col_count=3\" target=\"_blank\" rel=\"noopener noreferrer\">LEIA MAIS<\/a><\/span><\/strong><\/p>\n","protected":false},"excerpt":{"rendered":"<p>Programa Nordeste Conectado vai beneficiar\u00a0mais de 16 milh\u00f5es de pessoas O Minist\u00e9rio da Educa\u00e7\u00e3o lan\u00e7ou nesta sexta-feira (30), no Porto Digital, em Recife (PE), o Programa Nordeste Conectado, que vai interligar, em alta velocidade, institui\u00e7\u00f5es federais de educa\u00e7\u00e3o e pesquisa \u00e0 Rede Nacional de Ensino e Pesquisa (RNP) nas capitais e no interior do Nordeste. [&hellip;]<\/p>\n","protected":false},"author":2,"featured_media":0,"comment_status":"open","ping_status":"open","sticky":false,"template":"","format":"standard","meta":{"_links_to":"","_links_to_target":""},"categories":[18,1],"tags":[],"_links":{"self":[{"href":"https:\/\/www.r2cpress.com.br\/v1\/wp-json\/wp\/v2\/posts\/110667"}],"collection":[{"href":"https:\/\/www.r2cpress.com.br\/v1\/wp-json\/wp\/v2\/posts"}],"about":[{"href":"https:\/\/www.r2cpress.com.br\/v1\/wp-json\/wp\/v2\/types\/post"}],"author":[{"embeddable":true,"href":"https:\/\/www.r2cpress.com.br\/v1\/wp-json\/wp\/v2\/users\/2"}],"replies":[{"embeddable":true,"href":"https:\/\/www.r2cpress.com.br\/v1\/wp-json\/wp\/v2\/comments?post=110667"}],"version-history":[{"count":1,"href":"https:\/\/www.r2cpress.com.br\/v1\/wp-json\/wp\/v2\/posts\/110667\/revisions"}],"predecessor-version":[{"id":110668,"href":"https:\/\/www.r2cpress.com.br\/v1\/wp-json\/wp\/v2\/posts\/110667\/revisions\/110668"}],"wp:attachment":[{"href":"https:\/\/www.r2cpress.com.br\/v1\/wp-json\/wp\/v2\/media?parent=110667"}],"wp:term":[{"taxonomy":"category","embeddable":true,"href":"https:\/\/www.r2cpress.com.br\/v1\/wp-json\/wp\/v2\/categories?post=110667"},{"taxonomy":"post_tag","embeddable":true,"href":"https:\/\/www.r2cpress.com.br\/v1\/wp-json\/wp\/v2\/tags?post=110667"}],"curies":[{"name":"wp","href":"https:\/\/api.w.org\/{rel}","templated":true}]}}