{"id":110742,"date":"2017-07-04T07:55:13","date_gmt":"2017-07-04T10:55:13","guid":{"rendered":"http:\/\/www.r2cpress.com.br\/v1\/?p=110742"},"modified":"2017-07-04T07:55:13","modified_gmt":"2017-07-04T10:55:13","slug":"falecimento-57","status":"publish","type":"post","link":"https:\/\/www.r2cpress.com.br\/v1\/2017\/07\/04\/falecimento-57\/","title":{"rendered":"Falecimento"},"content":{"rendered":"<p>Faleceu na noite de segunda a Sra. Francelina, m\u00e3e de Neide Marina da CEPLAC , Gilberto (BB), Hermano e Helio.<br \/>\nSer\u00e1 velada no Saf sala 4 e o enterro no Pontal \u00e0s \u00a016 hs desta ter\u00e7a.<\/p>\n","protected":false},"excerpt":{"rendered":"<p>Faleceu na noite de segunda a Sra. Francelina, m\u00e3e de Neide Marina da CEPLAC , Gilberto (BB), Hermano e Helio. Ser\u00e1 velada no Saf sala 4 e o enterro no Pontal \u00e0s \u00a016 hs desta ter\u00e7a.<\/p>\n","protected":false},"author":2,"featured_media":0,"comment_status":"open","ping_status":"open","sticky":false,"template":"","format":"standard","meta":{"_links_to":"","_links_to_target":""},"categories":[21],"tags":[],"_links":{"self":[{"href":"https:\/\/www.r2cpress.com.br\/v1\/wp-json\/wp\/v2\/posts\/110742"}],"collection":[{"href":"https:\/\/www.r2cpress.com.br\/v1\/wp-json\/wp\/v2\/posts"}],"about":[{"href":"https:\/\/www.r2cpress.com.br\/v1\/wp-json\/wp\/v2\/types\/post"}],"author":[{"embeddable":true,"href":"https:\/\/www.r2cpress.com.br\/v1\/wp-json\/wp\/v2\/users\/2"}],"replies":[{"embeddable":true,"href":"https:\/\/www.r2cpress.com.br\/v1\/wp-json\/wp\/v2\/comments?post=110742"}],"version-history":[{"count":2,"href":"https:\/\/www.r2cpress.com.br\/v1\/wp-json\/wp\/v2\/posts\/110742\/revisions"}],"predecessor-version":[{"id":110744,"href":"https:\/\/www.r2cpress.com.br\/v1\/wp-json\/wp\/v2\/posts\/110742\/revisions\/110744"}],"wp:attachment":[{"href":"https:\/\/www.r2cpress.com.br\/v1\/wp-json\/wp\/v2\/media?parent=110742"}],"wp:term":[{"taxonomy":"category","embeddable":true,"href":"https:\/\/www.r2cpress.com.br\/v1\/wp-json\/wp\/v2\/categories?post=110742"},{"taxonomy":"post_tag","embeddable":true,"href":"https:\/\/www.r2cpress.com.br\/v1\/wp-json\/wp\/v2\/tags?post=110742"}],"curies":[{"name":"wp","href":"https:\/\/api.w.org\/{rel}","templated":true}]}}