{"id":111062,"date":"2017-07-14T19:40:02","date_gmt":"2017-07-14T22:40:02","guid":{"rendered":"http:\/\/www.r2cpress.com.br\/v1\/?p=111062"},"modified":"2017-07-14T19:40:02","modified_gmt":"2017-07-14T22:40:02","slug":"albagli-zpe-e-tao-importante-quanto-o-porto-sul","status":"publish","type":"post","link":"https:\/\/www.r2cpress.com.br\/v1\/2017\/07\/14\/albagli-zpe-e-tao-importante-quanto-o-porto-sul\/","title":{"rendered":"ALBAGLI: ZPE \u00c9 T\u00c3O IMPORTANTE QUANTO O PORTO SUL"},"content":{"rendered":"<p>Foi o que afirmou o ex-secret\u00e1rio municipal, Isaac Albagli, em entrevista ao comunicador Vila Nova, nesta sexta-feira, 14, sobre a vinda de empres\u00e1rios chineses a Ilh\u00e9us para assinar termo de interesse em investimentos na Zona de Processamento de Exporta\u00e7\u00f5es (ZPE) de Ilh\u00e9us.<\/p>\n<div id=\"attachment_111063\" style=\"width: 610px\" class=\"wp-caption aligncenter\"><img aria-describedby=\"caption-attachment-111063\" loading=\"lazy\" class=\"size-full wp-image-111063\" src=\"http:\/\/www.r2cpress.com.br\/v1\/wp-content\/uploads\/2017\/07\/isaac-zpe-chineses-14-07-2017.jpg\" alt=\"\" width=\"600\" height=\"450\" srcset=\"https:\/\/www.r2cpress.com.br\/v1\/wp-content\/uploads\/2017\/07\/isaac-zpe-chineses-14-07-2017.jpg 600w, https:\/\/www.r2cpress.com.br\/v1\/wp-content\/uploads\/2017\/07\/isaac-zpe-chineses-14-07-2017-300x225.jpg 300w\" sizes=\"(max-width: 600px) 100vw, 600px\" \/><p id=\"caption-attachment-111063\" class=\"wp-caption-text\"><em><strong>Secret\u00e1rio Vivaldo Mendon\u00e7a, Isaac, Dep. Eduardo Salles e Jairo Vaz da Sudic no evento com os chineses.<\/strong><\/em><\/p><\/div>\n<p>O protocolo foi assinado em cerim\u00f4nia no Teatro Municipal e retoma o interesse comercial pela ZPE de Ilh\u00e9us, que come\u00e7ou a ser discutida h\u00e1 trinta anos, no primeiro governo de Jabes Ribeiro com a participa\u00e7\u00e3o de Albagli, idealizador do projeto.<\/p>\n<p>Na entrevista, Isaac salientou a expertise que os chineses t\u00eam no ramo de ZPEs, por ser um dos pa\u00edses que mais exporta no mundo. &#8220;S\u00e3o mais de mil zonas especiais desse tipo no territ\u00f3rio da China, o que demonstra a experi\u00eancia deles no setor, e nos da uma esperan\u00e7a maior de que esse sonho de 30 anos vire realidade&#8221;.<\/p>\n<p>Albagli argumentou ainda que, mesmo sofrendo fortes interfer\u00eancias, sobretudo de pol\u00edticos de S\u00e3o Paulo, a autoriza\u00e7\u00e3o pra continuidade da ZPE de Ilh\u00e9us foi mantida, gra\u00e7as \u00e0 persist\u00eancia da representa\u00e7\u00e3o pol\u00edtica local, sobretudo do ex-prefeito Jabes Ribeiro. &#8220;\u00c9 um projeto desacreditado, mas que at\u00e9 mesmo em sua \u00faltima gest\u00e3o, Jabes vinha tratando, sem muitos holofotes. Mas que agora mostra o resultado, com o interesse concreto dos empres\u00e1rios chineses, o que vai gerar empregos e movimentar nossa economia&#8221;. Albagli concluiu dizendo que o Porto Sul \u00e9 o equipamento que atrair\u00e1 os investidores, e a ZPE \u00e9 quem efetivamente gerar\u00e1 os postos de trabalho.<\/p>\n","protected":false},"excerpt":{"rendered":"<p>Foi o que afirmou o ex-secret\u00e1rio municipal, Isaac Albagli, em entrevista ao comunicador Vila Nova, nesta sexta-feira, 14, sobre a vinda de empres\u00e1rios chineses a Ilh\u00e9us para assinar termo de interesse em investimentos na Zona de Processamento de Exporta\u00e7\u00f5es (ZPE) de Ilh\u00e9us. O protocolo foi assinado em cerim\u00f4nia no Teatro Municipal e retoma o interesse [&hellip;]<\/p>\n","protected":false},"author":2,"featured_media":0,"comment_status":"open","ping_status":"open","sticky":false,"template":"","format":"standard","meta":{"_links_to":"","_links_to_target":""},"categories":[7,14],"tags":[],"_links":{"self":[{"href":"https:\/\/www.r2cpress.com.br\/v1\/wp-json\/wp\/v2\/posts\/111062"}],"collection":[{"href":"https:\/\/www.r2cpress.com.br\/v1\/wp-json\/wp\/v2\/posts"}],"about":[{"href":"https:\/\/www.r2cpress.com.br\/v1\/wp-json\/wp\/v2\/types\/post"}],"author":[{"embeddable":true,"href":"https:\/\/www.r2cpress.com.br\/v1\/wp-json\/wp\/v2\/users\/2"}],"replies":[{"embeddable":true,"href":"https:\/\/www.r2cpress.com.br\/v1\/wp-json\/wp\/v2\/comments?post=111062"}],"version-history":[{"count":1,"href":"https:\/\/www.r2cpress.com.br\/v1\/wp-json\/wp\/v2\/posts\/111062\/revisions"}],"predecessor-version":[{"id":111064,"href":"https:\/\/www.r2cpress.com.br\/v1\/wp-json\/wp\/v2\/posts\/111062\/revisions\/111064"}],"wp:attachment":[{"href":"https:\/\/www.r2cpress.com.br\/v1\/wp-json\/wp\/v2\/media?parent=111062"}],"wp:term":[{"taxonomy":"category","embeddable":true,"href":"https:\/\/www.r2cpress.com.br\/v1\/wp-json\/wp\/v2\/categories?post=111062"},{"taxonomy":"post_tag","embeddable":true,"href":"https:\/\/www.r2cpress.com.br\/v1\/wp-json\/wp\/v2\/tags?post=111062"}],"curies":[{"name":"wp","href":"https:\/\/api.w.org\/{rel}","templated":true}]}}