{"id":111305,"date":"2017-07-23T13:50:42","date_gmt":"2017-07-23T16:50:42","guid":{"rendered":"http:\/\/www.r2cpress.com.br\/v1\/?p=111305"},"modified":"2017-07-23T13:50:42","modified_gmt":"2017-07-23T16:50:42","slug":"governo-do-estado-lanca-em-ilheus-a-estrada-do-chocolate","status":"publish","type":"post","link":"https:\/\/www.r2cpress.com.br\/v1\/2017\/07\/23\/governo-do-estado-lanca-em-ilheus-a-estrada-do-chocolate\/","title":{"rendered":"Governo do Estado lan\u00e7a em Ilh\u00e9us a Estrada do Chocolate"},"content":{"rendered":"<div><\/div>\n<div>O Governo do Estado lan\u00e7ou o projeto de implanta\u00e7\u00e3o da Estrada do Chocolate em Ilh\u00e9us, no sul da Bahia, durante o Festival Internacional do Chocolate e Cacau &#8211; Chocolat Bahia 2017. No roteiro, os turistas conhecer\u00e3o a cultura do cacau e a produ\u00e7\u00e3o do chocolate, por meio de visitas a fazendas existentes ao longo da BA-262, com s\u00edtios hist\u00f3ricos, rios, cachoeiras e \u00e1reas de preserva\u00e7\u00e3o ambiental.<\/div>\n<div>\n<div id=\"attachment_111306\" style=\"width: 610px\" class=\"wp-caption aligncenter\"><img aria-describedby=\"caption-attachment-111306\" loading=\"lazy\" class=\"size-full wp-image-111306\" src=\"http:\/\/www.r2cpress.com.br\/v1\/wp-content\/uploads\/2017\/07\/Foto_Daniel-Thame_GOVBA.jpg\" alt=\"\" width=\"600\" height=\"450\" srcset=\"https:\/\/www.r2cpress.com.br\/v1\/wp-content\/uploads\/2017\/07\/Foto_Daniel-Thame_GOVBA.jpg 600w, https:\/\/www.r2cpress.com.br\/v1\/wp-content\/uploads\/2017\/07\/Foto_Daniel-Thame_GOVBA-300x225.jpg 300w\" sizes=\"(max-width: 600px) 100vw, 600px\" \/><p id=\"caption-attachment-111306\" class=\"wp-caption-text\"><em><strong>Foto_Daniel Thame_GOVBA<\/strong><\/em><\/p><\/div>\n<div id=\"attachment_111307\" style=\"width: 610px\" class=\"wp-caption aligncenter\"><img aria-describedby=\"caption-attachment-111307\" loading=\"lazy\" class=\"size-full wp-image-111307\" src=\"http:\/\/www.r2cpress.com.br\/v1\/wp-content\/uploads\/2017\/07\/Foto_Daniel-Thame_GOVBA-2.jpg\" alt=\"\" width=\"600\" height=\"450\" srcset=\"https:\/\/www.r2cpress.com.br\/v1\/wp-content\/uploads\/2017\/07\/Foto_Daniel-Thame_GOVBA-2.jpg 600w, https:\/\/www.r2cpress.com.br\/v1\/wp-content\/uploads\/2017\/07\/Foto_Daniel-Thame_GOVBA-2-300x225.jpg 300w\" sizes=\"(max-width: 600px) 100vw, 600px\" \/><p id=\"caption-attachment-111307\" class=\"wp-caption-text\"><em><strong>Foto_Daniel Thame_GOVBA<\/strong><\/em><\/p><\/div>\n<\/div>\n<div>Este ser\u00e1 o primeiro roteiro tur\u00edstico tem\u00e1tico da Bahia e, inicialmente, vai abranger os munic\u00edpios de Ilh\u00e9us e Uru\u00e7uca. O projeto foi lan\u00e7ado pelo secret\u00e1rio do Planejamento e vice-governador, Jo\u00e3o Le\u00e3o, neste s\u00e1bado (22), com as presen\u00e7as dos secret\u00e1rios de Turismo, Jos\u00e9 Alves, e Desenvolvimento Rural, Jer\u00f4nimo Rodrigues, al\u00e9m do coordenador do Conselho de Desenvolvimento Econ\u00f4mico e Social, Jonas Paulo.<\/div>\n<div><\/div>\n<p><!--more--><\/p>\n<div>Na apresenta\u00e7\u00e3o do projeto, Jo\u00e3o Le\u00e3o destacou que &#8220;existem cidades no Brasil e no mundo que n\u00e3o produzem uma \u00fanica am\u00eandoa de cacau e vivem exclusivamente do chocolate. O Governo da Bahia est\u00e1 somando esfor\u00e7os com os empres\u00e1rios e outras institui\u00e7\u00f5es, como prefeituras e universidades, no sentido de impulsionar a produ\u00e7\u00e3o de chocolate e fazer com que essa regi\u00e3o de torne um polo de atra\u00e7\u00e3o de investimentos, impulsionando o turismo e a economia como um todo&#8221;.<\/div>\n<div><\/div>\n<div>O roteiro come\u00e7a a operar a partir de agosto. Ele inclui ainda as f\u00e1bricas do parque moageiro de cacau, no Distrito Industrial de Ilh\u00e9us, fazendas\/f\u00e1brica de chocolate gourmet, fazendas de cacau com acervo hist\u00f3rico-arquitet\u00f4nico, Esta\u00e7\u00e3o Rio do Bra\u00e7o, arquitet\u00f4nico da sede do antigo distrito de Ilh\u00e9us e a Biof\u00e1brica do Cacau.<\/div>\n<div><\/div>\n<div>A Estrada do Chocolate tamb\u00e9m lembra os cen\u00e1rios da obra imortal do escritor Jorge Amado, conhecida em todo o mundo. &#8220;Essa \u00e9 uma regi\u00e3o \u00fanica, com uma cultura e hist\u00f3ria que giram em torno do cacau e que vamos transformar tamb\u00e9m na regi\u00e3o do chocolate de origem&#8221;, acrescentou Le\u00e3o.<\/div>\n<div><\/div>\n<div><b>Desenvolvimento regional\u00a0<\/b><\/div>\n<div><\/div>\n<div>O secret\u00e1rio de Turismo explicou que &#8220;as pessoas que visitarem o sul da Bahia poder\u00e3o conhecer todo o processo, de cultivo, colheita, prepara\u00e7\u00e3o das am\u00eandoas e produ\u00e7\u00e3o do chocolate, adquirindo marcas de qualidade&#8221;.<\/div>\n<div><\/div>\n<div>Jonas Paulo lembrou que &#8220;a meta do Governo da Bahia \u00e9 a retomada do desenvolvimento regional, e a Estrada do Chocolate \u00e9 estrat\u00e9gica porque atua como polo difusor da produ\u00e7\u00e3o verticalizada, al\u00e9m do forte atrativo tur\u00edstico&#8221;, destacando o casamento entre as belezas naturais da regi\u00e3o e o sabor do chocolate premium.<\/div>\n<div><\/div>\n<div>J\u00e1 Jer\u00f4nimo Rodrigues ressaltou que &#8220;a Estrada do Chocolate abrange v\u00e1rias propriedades da agricultura familiar, que vem recebendo recursos do Governo do Estado para capacita\u00e7\u00e3o e amplia\u00e7\u00e3o de toda a cadeia produtiva. O nosso diferencial ser\u00e1 a am\u00eandoa de qualidade, o chocolate de origem e o respeito ao meio ambiente com a conserva\u00e7\u00e3o da Mata Atl\u00e2ntica.&#8221;<\/div>\n<div><\/div>\n<div>Com apoio do Governo da Bahia, o Festival Internacional do Chocolate e Cacau re\u00fane cerca de 80 expositores e apresenta 40 marcas de chocolates finos. O evento acontece at\u00e9 este domingo (23), no Centro de Conven\u00e7\u00f5es de Ilh\u00e9us.<\/div>\n","protected":false},"excerpt":{"rendered":"<p>O Governo do Estado lan\u00e7ou o projeto de implanta\u00e7\u00e3o da Estrada do Chocolate em Ilh\u00e9us, no sul da Bahia, durante o Festival Internacional do Chocolate e Cacau &#8211; Chocolat Bahia 2017. No roteiro, os turistas conhecer\u00e3o a cultura do cacau e a produ\u00e7\u00e3o do chocolate, por meio de visitas a fazendas existentes ao longo da [&hellip;]<\/p>\n","protected":false},"author":2,"featured_media":0,"comment_status":"open","ping_status":"open","sticky":false,"template":"","format":"standard","meta":{"_links_to":"","_links_to_target":""},"categories":[29,14],"tags":[],"_links":{"self":[{"href":"https:\/\/www.r2cpress.com.br\/v1\/wp-json\/wp\/v2\/posts\/111305"}],"collection":[{"href":"https:\/\/www.r2cpress.com.br\/v1\/wp-json\/wp\/v2\/posts"}],"about":[{"href":"https:\/\/www.r2cpress.com.br\/v1\/wp-json\/wp\/v2\/types\/post"}],"author":[{"embeddable":true,"href":"https:\/\/www.r2cpress.com.br\/v1\/wp-json\/wp\/v2\/users\/2"}],"replies":[{"embeddable":true,"href":"https:\/\/www.r2cpress.com.br\/v1\/wp-json\/wp\/v2\/comments?post=111305"}],"version-history":[{"count":1,"href":"https:\/\/www.r2cpress.com.br\/v1\/wp-json\/wp\/v2\/posts\/111305\/revisions"}],"predecessor-version":[{"id":111308,"href":"https:\/\/www.r2cpress.com.br\/v1\/wp-json\/wp\/v2\/posts\/111305\/revisions\/111308"}],"wp:attachment":[{"href":"https:\/\/www.r2cpress.com.br\/v1\/wp-json\/wp\/v2\/media?parent=111305"}],"wp:term":[{"taxonomy":"category","embeddable":true,"href":"https:\/\/www.r2cpress.com.br\/v1\/wp-json\/wp\/v2\/categories?post=111305"},{"taxonomy":"post_tag","embeddable":true,"href":"https:\/\/www.r2cpress.com.br\/v1\/wp-json\/wp\/v2\/tags?post=111305"}],"curies":[{"name":"wp","href":"https:\/\/api.w.org\/{rel}","templated":true}]}}