{"id":11132,"date":"2011-03-21T13:57:29","date_gmt":"2011-03-21T16:57:29","guid":{"rendered":"http:\/\/www.r2cpress.com.br\/v1\/?p=11132"},"modified":"2011-03-21T13:57:29","modified_gmt":"2011-03-21T16:57:29","slug":"a-coluna-do-jonildo-15","status":"publish","type":"post","link":"https:\/\/www.r2cpress.com.br\/v1\/2011\/03\/21\/a-coluna-do-jonildo-15\/","title":{"rendered":"A COLUNA DO JONILDO"},"content":{"rendered":"<p><img ALIGN = \"RIGHT\" SRC = \"http:\/\/www.r2cpress.com.br\/v1\/wp-content\/uploads\/jonildo-perfil.jpg\"\/><strong>Casa de Idosos<\/strong><\/p>\n<p>O Abrigo S\u00e3o Vicente de Paulo de Ilh\u00e9us em parceria com o Lions centro se unem em prol dos idosos numa grande feira de cacarecos, que ser\u00e1 realizada no dia 02 de abril, a partir das 8h30min, nas imedia\u00e7\u00f5es da Central de Abastecimento, no bairro Malhado. As doa\u00e7\u00f5es podem ser feitas no abrigo, situado na Avenida Paulista, Conquista. Informa\u00e7\u00f5es: 73-3634-1906<\/p>\n<p> &#8212;<\/p>\n<p><strong>Dia Mundial do Teatro<\/strong><\/p>\n<p><!--more--><\/p>\n<p>Uma Exposi\u00e7\u00e3o fotogr\u00e1fica e Teatro Lambe Lambe para comemorar o Dia Mundial do Teatro (27 de mar\u00e7o), no Instituto Nossa Senhora da Piedade (INSP). As atividades ser\u00e3o abertas a participa\u00e7\u00e3o dos alunos, professores, funcion\u00e1rios da escola e do p\u00fablico em geral. A exposi\u00e7\u00e3o ser\u00e1 aberta quarta-feira (23), na galeria da escola e no P\u00e1tio dos Sapotis.<\/p>\n<p> Segundo a professora Margarete Falc\u00e3o, coordenadora das turmas da Educa\u00e7\u00e3o Integral, \u00e0 comemora\u00e7\u00e3o ao Dia Mundial do Teatro, come\u00e7a com uma exposi\u00e7\u00e3o fotogr\u00e1fica retratando a hist\u00f3ria do teatro no mundo e as atividades de teatro que j\u00e1 foram desenvolvidas e apresentadas pelas diversas turmas da Educa\u00e7\u00e3o Integral, na Piedade, desde 1995.<\/p>\n<p>Quinta-feira (24), das 14 \u00e0s 17 horas, ser\u00e3o realizadas as apresenta\u00e7\u00f5es das pe\u00e7as do teatro Lambe Lambe. A professora explica que \u201co Teatro Lambe-Lambe, mais conhecido como Teatro de Miniaturas, \u00e9 uma linguagem de formas animadas que ocupa um espa\u00e7o c\u00eanico m\u00ednimo formado por um palco em miniatura confinado em uma caixa preta de dimens\u00f5es reduzidas.\u201d<\/p>\n<p><strong>Edital?<\/strong><\/p>\n<p>Ta dito. O valor da tarifa do transporte coletivo em Ilh\u00e9us ser\u00e1 de R$ 2,20 a partir do pr\u00f3ximo domingo (27).<\/p>\n<p>Os empres\u00e1rios do setor de transporte urbano, que ditam as cartas, alegam que os aumentos anuais regulares est\u00e3o previsto em edital de concess\u00e3o.<\/p>\n<p>\u00c9 muito bom lembrar que no tal edital constam uma serie de coisas que n\u00e3o est\u00e3o sendo cumpridas pelas empresas. A frota circulante, a qualidade e a manuten\u00e7\u00e3o dos ve\u00edculos e, os motoristas n\u00e3o podem acumular a fun\u00e7\u00e3o de cobrador e que 20% da frota deve possuir com ar-condicionado (\u00f4nibus climatizados) s\u00e3o alguns dos pontos lembrado.<\/p>\n<p>Os \u00f4nibus com ar refrigerado que ainda est\u00e3o circulando, da S\u00e3o Miguel e Viametro, d\u00e3o nojo. O fedor de \u00e0caro que sai de dentro desses \u00f4nibus com \u00e9 de deixar qualquer com renite. Os aparelhos de ar condicionado nunca est\u00e3o ligados, como s\u00e3o totalmente fechados, o risco para sa\u00fade dos passageiros \u00e9 eminente.<\/p>\n<p>Caso o passageiro pe\u00e7a ao motorista ou ao cobrador para que liguem o aparelho de ar, ai o tempo fecha e o passageiro ou recebe porrada o ser\u00e1 xingado at\u00e9 as d\u00e9cima gera\u00e7\u00e3o.<\/p>\n<p>Treinamento dado pelas empresas que anunciam o seu \u201cI$O n\u00e3o sei o que\u201d, pela qualidade do servi\u00e7o prestado.<\/p>\n<p><strong>Limites Municipais<\/strong><\/p>\n<p>Creio que o governo municipal n\u00e3o saiba, mas os limites do munic\u00edpio de Ilh\u00e9us j\u00e1 est\u00e3o definidos h\u00e1 muito.<\/p>\n<p>Se voc\u00ea vier de Itabuna para Ilh\u00e9us (BR 415) far\u00e1 sabendo, atrav\u00e9s de uma placa colocada pelo Derba(?) em frente ao cruzamento Teot\u00f4nio Vilela-Vila Nazar\u00e9, que o limite de Ilh\u00e9us fica situado pouco depois do Terminal Rodovi\u00e1rio. A Placa diz \u201cIlh\u00e9us a 1 Km\u201d portanto.<\/p>\n<p>No caso de Uru\u00e7uca o limite do munic\u00edpio de Ilh\u00e9us fica nas imedia\u00e7\u00f5es do Distrito Industrial e o munic\u00edpio de Una aven\u00e7a para terminar na cabeceira da Ponte Lomanto Jr. onde est\u00e1 escrito \u201cSeja bem vindo a Ilh\u00e9us\u201d.<\/p>\n<p>Assim, os limites do munic\u00edpio j\u00e1 foram definidos h\u00e1 muito e a Prefeitura n\u00e3o sabe.<\/p>\n<p>Daqui a pouco teremos apenas uma plana com as inscri\u00e7\u00f5es de um lado \u201csejam bem vindos\u201d e do outro \u201cvoltem sempre\u201d.<\/p>\n<p><strong>Agora?<\/strong><\/p>\n<p>Faz muito tempo, quando no programa que eu apresentava na R\u00e1dio Santa Cruz alertava para invas\u00e3o do territ\u00f3rio ilheense. Na \u00e9poca chamava aten\u00e7\u00e3o do Secretario de Ind\u00fastria e Com\u00e9rcio, dos presidentes da CDL e Associa\u00e7\u00e3o Comercial, sobre empresas que estavam se instalando no territ\u00f3rio de Ilh\u00e9us, mas registradas como se estivessem em territ\u00f3rio Itabunense, inclusive com o telefone ligado ao troco de Itabuna.<\/p>\n<p>Nunca deram aten\u00e7\u00e3o. O Velderico com o seu Vice Newton chegaram e a primeira coisa que fizeram foi doar um pr\u00e9dio onde funcionaria uma central de informa\u00e7\u00f5es tur\u00edsticas  e um posto Policial  para uma tal \u201cThor\u201d (her\u00f3i de revistas de quadrinhos) ou Tor. Cuja sede \u00e9 Itabuna. Portanto, porque espernear agora meu rei?&#8230;<\/p>\n<p><strong>Convite<\/strong><\/p>\n<p>O Bispo Dom Mauro Montagnolli convida todos os interessados para o nosso 2\u00ba Encontro com o objetivo de discutirmos a CAMPANHA DA FRATERNIDADE 2011, que tem como tema: \u201cFRATERNIDADE E VIDA NO PLANETA\u201d, e como lema: \u201cA cria\u00e7\u00e3o geme com dores de parto\u201d (Rm 8,22). Seguindo a metodologia VER-JULGAR-AGIR, neste encontro estaremos vivendo o momento JULGAR, o que faremos \u00e0 luz da palavra de Deus, a B\u00edblia, da Doutrina Social da Igreja e do material da Campanha da Fraternidade 2011.<\/p>\n<p>O 2\u00ba. Encontro acontecer\u00e1 no dia 24.03.2011, a partir das 19:30 horas, no Sal\u00e3o de Reuni\u00f5es da Catedral de S\u00e3o Sebasti\u00e3o, no Centro da nossa Cidade, e todos est\u00e3o convidados.<\/p>\n<p>&#8212;<br \/>\n<strong>A Coluna de Jonildo<\/p>\n<p>jonildogloria@gmail.com<br \/>\njonildogloria.blogspot.com<\/strong><\/p>\n","protected":false},"excerpt":{"rendered":"<p>Casa de Idosos O Abrigo S\u00e3o Vicente de Paulo de Ilh\u00e9us em parceria com o Lions centro se unem em prol dos idosos numa grande feira de cacarecos, que ser\u00e1 realizada no dia 02 de abril, a partir das 8h30min, nas imedia\u00e7\u00f5es da Central de Abastecimento, no bairro Malhado. As doa\u00e7\u00f5es podem ser feitas no [&hellip;]<\/p>\n","protected":false},"author":2,"featured_media":0,"comment_status":"open","ping_status":"open","sticky":false,"template":"","format":"standard","meta":{"_links_to":"","_links_to_target":""},"categories":[10],"tags":[],"_links":{"self":[{"href":"https:\/\/www.r2cpress.com.br\/v1\/wp-json\/wp\/v2\/posts\/11132"}],"collection":[{"href":"https:\/\/www.r2cpress.com.br\/v1\/wp-json\/wp\/v2\/posts"}],"about":[{"href":"https:\/\/www.r2cpress.com.br\/v1\/wp-json\/wp\/v2\/types\/post"}],"author":[{"embeddable":true,"href":"https:\/\/www.r2cpress.com.br\/v1\/wp-json\/wp\/v2\/users\/2"}],"replies":[{"embeddable":true,"href":"https:\/\/www.r2cpress.com.br\/v1\/wp-json\/wp\/v2\/comments?post=11132"}],"version-history":[{"count":2,"href":"https:\/\/www.r2cpress.com.br\/v1\/wp-json\/wp\/v2\/posts\/11132\/revisions"}],"predecessor-version":[{"id":11134,"href":"https:\/\/www.r2cpress.com.br\/v1\/wp-json\/wp\/v2\/posts\/11132\/revisions\/11134"}],"wp:attachment":[{"href":"https:\/\/www.r2cpress.com.br\/v1\/wp-json\/wp\/v2\/media?parent=11132"}],"wp:term":[{"taxonomy":"category","embeddable":true,"href":"https:\/\/www.r2cpress.com.br\/v1\/wp-json\/wp\/v2\/categories?post=11132"},{"taxonomy":"post_tag","embeddable":true,"href":"https:\/\/www.r2cpress.com.br\/v1\/wp-json\/wp\/v2\/tags?post=11132"}],"curies":[{"name":"wp","href":"https:\/\/api.w.org\/{rel}","templated":true}]}}