{"id":11138,"date":"2011-03-21T14:03:16","date_gmt":"2011-03-21T17:03:16","guid":{"rendered":"http:\/\/www.r2cpress.com.br\/v1\/?p=11138"},"modified":"2011-03-21T14:03:16","modified_gmt":"2011-03-21T17:03:16","slug":"alfredo-amorim-da-silveira-em-10taques-4","status":"publish","type":"post","link":"https:\/\/www.r2cpress.com.br\/v1\/2011\/03\/21\/alfredo-amorim-da-silveira-em-10taques-4\/","title":{"rendered":"Alfredo Amorim da Silveira em: &#8220;10TAQUES&#8221;."},"content":{"rendered":"<p><center><strong>Transcrito do jornal \u201cDi\u00e1rio da Tarde\u201d<br \/>\nEdi\u00e7\u00e3o de 7 de abril de 1942<br \/>\nOliven\u00e7a<br \/>\nJo\u00e3o Moraes<\/strong><\/center><\/p>\n<p>\t<img align = \"left\" src = \"http:\/\/www.r2cpress.com.br\/v1\/wp-content\/uploads\/alfredo-amorim-nova.jpg\"\/>Oliven\u00e7a, a terra dos ind\u00edgenas, que foi elevada \u00e0 categoria de vila independente em 1785, \u00e9 um aglomerado de 82 casas, escorrendo de uma pequena colina em forma de presepe, cercada por uma bela floresta, onde se respira um ar completamente saud\u00e1vel. Ela tem no seu passado, muitas e caras recorda\u00e7\u00f5es, mormente daqueles dias festivos, quando os < < caboclos >> festejavam o dia de Nossa Senhora da Escada, a sua padroeira, e o Divino Esp\u00edrito Santo.<\/p>\n<p>Eram festas que atraiam forasteiros de toda a regi\u00e3o do sul do estado.<\/p>\n<p>Mas&#8230; quando bem n\u00e3o se esperava, surgiu a desordem inimiga da tranq\u00fcilidade, e logo ap\u00f3s veio a decad\u00eancia; e n\u00e3o sei por que, Oliven\u00e7a foi condenada a desaparecer, tendo em 1912 perdido a sua categoria de munic\u00edpio independente, ou seja, uma exist\u00eancia de 154 anos, ao ponto de serem fechadas as portas do deu templo! Por isso, seus filhos cobriram-se de tristeza e apelaram para o futuro que lhes restituiria o prest\u00edgio de Oliven\u00e7a.<\/p>\n<p><!--more--><\/p>\n<p>\tSomente com respeito \u00e0 tradi\u00e7\u00e3o e por uma quest\u00e3o de f\u00e9 subsistia a festa da padroeira, realizada, por\u00e9m sem o entusiasmo primitivo.<\/p>\n<p>\tOliven\u00e7a foi desprezada, como o indiv\u00edduo que decai da sociedade por ter cometido um crime hediondo. At\u00e9 os pescadores deixaram de atracar suas jangadas no pequeno porto, por n\u00e3o terem a quem vender o seu pescado&#8230;!<\/p>\n<p>\t De quando em vez, \u00e9 que passavam ao largo da sua costa, os barquinhos que com as suas velas enfunadas pareciam borboletas alvas, pousadas nas ondas.<\/p>\n<p>S\u00f3 dois amigos n\u00e3o a abandonaram! O mar, que nunca deixou de beij\u00e1-la com suas vagas, semelhando rebanhos de alegres merin\u00f3s, e o caboclo que n\u00e3o quer morrer longe da sua terra.<\/p>\n<p>Mas o destino lan\u00e7ou o seu protesto, libertando Oliven\u00e7a daquela condena\u00e7\u00e3o possivelmente injusta, e em compensa\u00e7\u00e3o, deu-lhe um clima nordestino, enriquecendo suas \u00e1guas com propriedades terap\u00eauticas.<\/p>\n<p>E Oliven\u00e7a ressurgiu, curando o aparelho digestivo, mol\u00e9stias da pele e fazendo andar paral\u00edticos, s\u00f3 com o milagre das suas \u00e1guas virtuosas.<\/p>\n<p>Logo foram abertas as portas da sua tricenten\u00e1ria igreja; as festas est\u00e3o voltando ao fulgor antigo e hoje j\u00e1 se v\u00ea no seu semblante a alegria de viver, gra\u00e7as aos esfor\u00e7os dos seus amigos, como Adolfo Lima, os irm\u00e3os Ricardo e Hort\u00eancio Castro, Edmundo Domingues, Carlos Magalh\u00e3es e Lourival Mendon\u00e7a, que muito v\u00eaem se interessando pelo progresso da Localidade.<\/p>\n<p> E alem de tudo, Oliven\u00e7a conta com a prote\u00e7\u00e3o do governo de Ilh\u00e9us, e espera, confiando na boa vontade do prefeito e dos que vierem a governar no futuro, o justo e merecido amparo, no sentido de serem exploradas as suas vias de transporte, modernizadas suas ruas e tamb\u00e9m melhorando o seu porto, que \u00e9 um fator da sua vitalidade econ\u00f4mica.<\/p>\n<p>E se todos se unirem num s\u00f3 prop\u00f3sito, Oliven\u00e7a ser\u00e1, no futuro, uma das melhores esta\u00e7\u00f5es balne\u00e1rias do nosso estado, pois aos seus habitantes, compete melhorar suas hospedarias em pr\u00e9dios bem agrad\u00e1veis, fazer aquisi\u00e7\u00e3o de ve\u00edculos apropriados para dar melhor conforto aos passageiros, especialmente \u00e0s fam\u00edlias que n\u00e3o resistem ao abalo de um ve\u00edculo, que \u00e9 mais apropriado para transportar bagagens.<\/p>\n<p>Oliven\u00e7a n\u00e3o deixa de ter os seus inimigos gratuitos, pois, como sabemos; at\u00e9 Cristo teve seus perseguidores! Ultimamente tentaram fechar a sua estrada com 86 anos de tr\u00e2nsito p\u00fablico, parecendo, desse modo, que algu\u00e9m se sente bem em apertar-lhe a garganta, para asfixiar a sua laboriosa e obreira popula\u00e7\u00e3o.<\/p>\n<p>Mas, tudo contra a justi\u00e7a e a vontade forte de um povo que confia na lei, tem que fracassar!<\/p>\n<p>Enquanto eles perdem tempo, Oliven\u00e7a cresce! Pois ela \u00e9 um sanat\u00f3rio que a Natureza doou a esta regi\u00e3o.<\/p>\n<p>Trabalhar por Oliven\u00e7a, \u00e9 fazer a nossa maior riqueza, a sa\u00fade.<\/p>\n","protected":false},"excerpt":{"rendered":"<p>Transcrito do jornal \u201cDi\u00e1rio da Tarde\u201d Edi\u00e7\u00e3o de 7 de abril de 1942 Oliven\u00e7a Jo\u00e3o Moraes Oliven\u00e7a, a terra dos ind\u00edgenas, que foi elevada \u00e0 categoria de vila independente em 1785, \u00e9 um aglomerado de 82 casas, escorrendo de uma pequena colina em forma de presepe, cercada por uma bela floresta, onde se respira um [&hellip;]<\/p>\n","protected":false},"author":2,"featured_media":0,"comment_status":"open","ping_status":"open","sticky":false,"template":"","format":"standard","meta":{"_links_to":"","_links_to_target":""},"categories":[10],"tags":[],"_links":{"self":[{"href":"https:\/\/www.r2cpress.com.br\/v1\/wp-json\/wp\/v2\/posts\/11138"}],"collection":[{"href":"https:\/\/www.r2cpress.com.br\/v1\/wp-json\/wp\/v2\/posts"}],"about":[{"href":"https:\/\/www.r2cpress.com.br\/v1\/wp-json\/wp\/v2\/types\/post"}],"author":[{"embeddable":true,"href":"https:\/\/www.r2cpress.com.br\/v1\/wp-json\/wp\/v2\/users\/2"}],"replies":[{"embeddable":true,"href":"https:\/\/www.r2cpress.com.br\/v1\/wp-json\/wp\/v2\/comments?post=11138"}],"version-history":[{"count":2,"href":"https:\/\/www.r2cpress.com.br\/v1\/wp-json\/wp\/v2\/posts\/11138\/revisions"}],"predecessor-version":[{"id":11140,"href":"https:\/\/www.r2cpress.com.br\/v1\/wp-json\/wp\/v2\/posts\/11138\/revisions\/11140"}],"wp:attachment":[{"href":"https:\/\/www.r2cpress.com.br\/v1\/wp-json\/wp\/v2\/media?parent=11138"}],"wp:term":[{"taxonomy":"category","embeddable":true,"href":"https:\/\/www.r2cpress.com.br\/v1\/wp-json\/wp\/v2\/categories?post=11138"},{"taxonomy":"post_tag","embeddable":true,"href":"https:\/\/www.r2cpress.com.br\/v1\/wp-json\/wp\/v2\/tags?post=11138"}],"curies":[{"name":"wp","href":"https:\/\/api.w.org\/{rel}","templated":true}]}}