{"id":11144,"date":"2011-03-21T16:35:30","date_gmt":"2011-03-21T19:35:30","guid":{"rendered":"http:\/\/www.r2cpress.com.br\/v1\/?p=11144"},"modified":"2011-03-21T17:09:51","modified_gmt":"2011-03-21T20:09:51","slug":"presidente-da-cdl-de-ilheus-e-homenageada-na-camara-de-vereadores","status":"publish","type":"post","link":"https:\/\/www.r2cpress.com.br\/v1\/2011\/03\/21\/presidente-da-cdl-de-ilheus-e-homenageada-na-camara-de-vereadores\/","title":{"rendered":"Presidente da CDL de Ilh\u00e9us \u00e9 homenageada na C\u00e2mara de Vereadores"},"content":{"rendered":"<p><div id=\"attachment_11145\" style=\"width: 236px\" class=\"wp-caption alignleft\"><a href=\"http:\/\/www.r2cpress.com.br\/v1\/wp-content\/uploads\/NADAJA-_-CARMELITA_CMI.jpeg\"><img aria-describedby=\"caption-attachment-11145\" loading=\"lazy\" src=\"http:\/\/www.r2cpress.com.br\/v1\/wp-content\/uploads\/NADAJA-_-CARMELITA_CMI.jpeg\" alt=\"\" title=\"NADJA _ CARMELITA_CMI\" width=\"226\" height=\"163\" class=\"size-full wp-image-11145\" \/><\/a><p id=\"caption-attachment-11145\" class=\"wp-caption-text\">(E) NADJA \/ Foto:Alfredo Filho<\/p><\/div>Em homenagem ao Dia Internacional das Mulheres, dia oito de mar\u00e7o, a C\u00e2mara Municipal de Ilh\u00e9us realizou uma Sess\u00e3o Especial na \u00faltima quinta-feira (17\/03). <\/p>\n<p>Cerca de quarenta e cinco mulheres que se destacam nos mais diversos segmentos da sociedade ilheense foram homenageadas, na pol\u00edtica, na educa\u00e7\u00e3o, no com\u00e9rcio, na fam\u00edlia entre outros.<\/p>\n<p>A empres\u00e1ria Nadja Argollo, que recebeu a homenagem das m\u00e3os da vereadora Carmelita, foi lembrada pela sua atua\u00e7\u00e3o h\u00e1 mais de trinta anos no com\u00e9rcio de Ilh\u00e9us, e, por ser a primeira mulher a assumir o cargo de presidente da C\u00e2mara dos Dirigentes Lojistas, uma entidade que existe h\u00e1 trinta e seis anos e est\u00e1 inserida em importantes lutas no desenvolvimento do com\u00e9rcio e em causas sociais \u201ceu me sinto honrada em ter sido uma das mulheres escolhidas para receber esta linda homenagem. Todas as mulheres est\u00e3o de parab\u00e9ns, assim como a C\u00e2mara de Vereadores por reconhecer a relev\u00e2ncia dos pap\u00e9is assumidos por n\u00f3s mulheres na contemporaneidade\u201d, disse Nadja.<\/p>\n<p>Durante a solenidade, o cantor Nozinho, realizou uma apresenta\u00e7\u00e3o com m\u00fasicas voltadas para a tem\u00e1tica \u201cmulher\u201d.<\/p>\n","protected":false},"excerpt":{"rendered":"<p>Em homenagem ao Dia Internacional das Mulheres, dia oito de mar\u00e7o, a C\u00e2mara Municipal de Ilh\u00e9us realizou uma Sess\u00e3o Especial na \u00faltima quinta-feira (17\/03). Cerca de quarenta e cinco mulheres que se destacam nos mais diversos segmentos da sociedade ilheense foram homenageadas, na pol\u00edtica, na educa\u00e7\u00e3o, no com\u00e9rcio, na fam\u00edlia entre outros. A empres\u00e1ria Nadja [&hellip;]<\/p>\n","protected":false},"author":2,"featured_media":0,"comment_status":"open","ping_status":"open","sticky":false,"template":"","format":"standard","meta":{"_links_to":"","_links_to_target":""},"categories":[19],"tags":[],"_links":{"self":[{"href":"https:\/\/www.r2cpress.com.br\/v1\/wp-json\/wp\/v2\/posts\/11144"}],"collection":[{"href":"https:\/\/www.r2cpress.com.br\/v1\/wp-json\/wp\/v2\/posts"}],"about":[{"href":"https:\/\/www.r2cpress.com.br\/v1\/wp-json\/wp\/v2\/types\/post"}],"author":[{"embeddable":true,"href":"https:\/\/www.r2cpress.com.br\/v1\/wp-json\/wp\/v2\/users\/2"}],"replies":[{"embeddable":true,"href":"https:\/\/www.r2cpress.com.br\/v1\/wp-json\/wp\/v2\/comments?post=11144"}],"version-history":[{"count":3,"href":"https:\/\/www.r2cpress.com.br\/v1\/wp-json\/wp\/v2\/posts\/11144\/revisions"}],"predecessor-version":[{"id":11158,"href":"https:\/\/www.r2cpress.com.br\/v1\/wp-json\/wp\/v2\/posts\/11144\/revisions\/11158"}],"wp:attachment":[{"href":"https:\/\/www.r2cpress.com.br\/v1\/wp-json\/wp\/v2\/media?parent=11144"}],"wp:term":[{"taxonomy":"category","embeddable":true,"href":"https:\/\/www.r2cpress.com.br\/v1\/wp-json\/wp\/v2\/categories?post=11144"},{"taxonomy":"post_tag","embeddable":true,"href":"https:\/\/www.r2cpress.com.br\/v1\/wp-json\/wp\/v2\/tags?post=11144"}],"curies":[{"name":"wp","href":"https:\/\/api.w.org\/{rel}","templated":true}]}}