{"id":111588,"date":"2017-07-30T18:34:07","date_gmt":"2017-07-30T21:34:07","guid":{"rendered":"http:\/\/www.r2cpress.com.br\/v1\/?p=111588"},"modified":"2017-07-30T18:34:07","modified_gmt":"2017-07-30T21:34:07","slug":"sesau-esclarece-sobre-situacao-do-hospital-luiz-viana-filho-em-ilheus","status":"publish","type":"post","link":"https:\/\/www.r2cpress.com.br\/v1\/2017\/07\/30\/sesau-esclarece-sobre-situacao-do-hospital-luiz-viana-filho-em-ilheus\/","title":{"rendered":"Sesau esclarece sobre situa\u00e7\u00e3o do      Hospital Luiz Viana Filho em Ilh\u00e9us"},"content":{"rendered":"<p>A secretaria municipal de Sa\u00fade (Sesau) do Munic\u00edpio de Ilh\u00e9us informa que est\u00e1 apurando o motivo pelo qual o pronto atendimento da Emerg\u00eancia do Hospital Luis Viana Filho, localizado no bairro da Conquista, n\u00e3o funcionou na noite do \u00faltimo s\u00e1bado, 29. Por volta das 20 horas, a secret\u00e1ria da Sesau, Eliz\u00e2ngela Oliveira, foi informada sobre a falta de atendimento, situa\u00e7\u00e3o que levou a unidade \u00e0 uma situa\u00e7\u00e3o cr\u00edtica.<\/p>\n<p>Imediatamente, a secretaria redirecionou as ocorr\u00eancias por especialidades m\u00e9dicas para as demais unidades de sa\u00fade do munic\u00edpio, garantindo e normalizando o atendimento \u00e0 popula\u00e7\u00e3o. Assim, os casos de ortopedia foram encaminhados para a cl\u00ednica Coci. Os casos cl\u00ednicos tiveram a cobertura do Hospital S\u00e3o Jos\u00e9. Al\u00e9m disso, foi determinada a abertura imediata do pronto atendimento da zona sul, antigo Hospital Vida Medi, para atender os casos de pediatria.<\/p>\n<p>A a\u00e7\u00e3o articulada pelo prefeito de Ilh\u00e9us, M\u00e1rio Alexandre, e a secret\u00e1ria, Eliz\u00e2ngela Oliveira, mobilizou toda equipe da Sesau. Atendentes, enfermeiros, m\u00e9dicos e motoristas montaram uma frente de trabalho fora do hor\u00e1rio de expediente, para que a situa\u00e7\u00e3o fosse normalizada, suprindo as necessidades de atendimento do Hospital Regional Luis Viana Filho.<\/p>\n<p>Segundo a secret\u00e1ria, foi uma opera\u00e7\u00e3o &#8220;pela vida e que ainda contou com a articula\u00e7\u00e3o com o Hospital de Base de Itabuna para atender os casos mais graves&#8221;. Por sua vez, a Sesau colocou \u00e0 disposi\u00e7\u00e3o dos pacientes, ambul\u00e2ncias e ve\u00edculos para condu\u00e7\u00e3o, de acordo com a necessidade e evolu\u00e7\u00e3o do quadro cl\u00ednico dos assistidos.<\/p>\n","protected":false},"excerpt":{"rendered":"<p>A secretaria municipal de Sa\u00fade (Sesau) do Munic\u00edpio de Ilh\u00e9us informa que est\u00e1 apurando o motivo pelo qual o pronto atendimento da Emerg\u00eancia do Hospital Luis Viana Filho, localizado no bairro da Conquista, n\u00e3o funcionou na noite do \u00faltimo s\u00e1bado, 29. Por volta das 20 horas, a secret\u00e1ria da Sesau, Eliz\u00e2ngela Oliveira, foi informada sobre [&hellip;]<\/p>\n","protected":false},"author":2,"featured_media":0,"comment_status":"open","ping_status":"open","sticky":false,"template":"","format":"standard","meta":{"_links_to":"","_links_to_target":""},"categories":[23,24],"tags":[],"_links":{"self":[{"href":"https:\/\/www.r2cpress.com.br\/v1\/wp-json\/wp\/v2\/posts\/111588"}],"collection":[{"href":"https:\/\/www.r2cpress.com.br\/v1\/wp-json\/wp\/v2\/posts"}],"about":[{"href":"https:\/\/www.r2cpress.com.br\/v1\/wp-json\/wp\/v2\/types\/post"}],"author":[{"embeddable":true,"href":"https:\/\/www.r2cpress.com.br\/v1\/wp-json\/wp\/v2\/users\/2"}],"replies":[{"embeddable":true,"href":"https:\/\/www.r2cpress.com.br\/v1\/wp-json\/wp\/v2\/comments?post=111588"}],"version-history":[{"count":1,"href":"https:\/\/www.r2cpress.com.br\/v1\/wp-json\/wp\/v2\/posts\/111588\/revisions"}],"predecessor-version":[{"id":111589,"href":"https:\/\/www.r2cpress.com.br\/v1\/wp-json\/wp\/v2\/posts\/111588\/revisions\/111589"}],"wp:attachment":[{"href":"https:\/\/www.r2cpress.com.br\/v1\/wp-json\/wp\/v2\/media?parent=111588"}],"wp:term":[{"taxonomy":"category","embeddable":true,"href":"https:\/\/www.r2cpress.com.br\/v1\/wp-json\/wp\/v2\/categories?post=111588"},{"taxonomy":"post_tag","embeddable":true,"href":"https:\/\/www.r2cpress.com.br\/v1\/wp-json\/wp\/v2\/tags?post=111588"}],"curies":[{"name":"wp","href":"https:\/\/api.w.org\/{rel}","templated":true}]}}