{"id":111735,"date":"2017-08-04T13:07:29","date_gmt":"2017-08-04T16:07:29","guid":{"rendered":"http:\/\/www.r2cpress.com.br\/v1\/?p=111735"},"modified":"2017-08-04T13:07:29","modified_gmt":"2017-08-04T16:07:29","slug":"projeto-trabalha-informacao-a-banhistas-para-evitar-afogamento-nas-praias-de-ilheus","status":"publish","type":"post","link":"https:\/\/www.r2cpress.com.br\/v1\/2017\/08\/04\/projeto-trabalha-informacao-a-banhistas-para-evitar-afogamento-nas-praias-de-ilheus\/","title":{"rendered":"Projeto trabalha informa\u00e7\u00e3o a banhistas para evitar afogamento nas praias de Ilh\u00e9us"},"content":{"rendered":"<div style=\"width: 610px\" class=\"wp-caption aligncenter\"><img loading=\"lazy\" src=\"https:\/\/lh3.googleusercontent.com\/4w8T1aCQ35VlvkyRSwSh7OP1KOSpoN5Klm0RKg-AEN5IMpFLWAUpfcJujWHdXLA-YrJVHq6WZarNLsH6J6P3g0_BZ7cPkVHte4Bz4KH5upkPnTuffSvKKr5tmXDINnpLe--72TsP-52nnNfcgAf47Hm9rAd3HEp8tDlhSuvVfHhq4L9YLpsZ8GK2sJKHfFP9Ed-vP6K9vpmxTxMXG8KulP9xWz7FVmdhVPFQHcm-A6Ds8zTK8chWTgGCbPh6sMbIKzkWbj6rzHNCrCjROTEl6hdQ5MxX09yBwcMKAzIyRaZ6euY-ROlk7uZccnbI47lfBBBbDU9C7DNCTPTpvLD8YRvz9BfmU4s80PclX-7r-MSeUnI11S1zpW32xeU53zxx5SdUeeWoNPGEsMD_dseHtkvcXrsA8eYsb3YiL0o25Ue6oTTyAslb8K1MHdQfZnLnBD16qXO4LicVOFKZY7l8DLE21CKF6zLqFJTsONnykVvaWaipvPkP0J_E3I6rLFd6OZfogAtHlAac8wZTDh4O0OpuqRRrJ3DQEcjKOcnGkC8y74QM_O7ZqlD6t5ORITe6HqFRg2i7GYed8wuFKiXMrDqAxpo6rqaQqPX8qGWuZ05RAcnNnnd83TRTOA=w600-h375-no\" alt=\"\" width=\"600\" height=\"375\" \/><p class=\"wp-caption-text\"><span style=\"color: #ff0000;\"><em><strong>ORIENTA\u00c7\u00c3O_BAHISTAS<\/strong><\/em><\/span><\/p><\/div>\n<p>Acontece no pr\u00f3ximo domingo (6), \u00e0s 8 horas, nas imedia\u00e7\u00f5es do Condom\u00ednio Para\u00edso Tropical, litoral sul de Ilh\u00e9us, mais uma edi\u00e7\u00e3o do projeto &#8220;Informar para n\u00e3o afogar&#8221;, uma iniciativa que tem a finalidade de conscientizar a popula\u00e7\u00e3o e turistas sobre os riscos de afogamento.<\/p>\n<p>Durante a a\u00e7\u00e3o, os participantes ouvem palestras sobre os \u00edndices de afogamentos e medidas de preven\u00e7\u00e3o e participam de atividades pr\u00e1ticas como primeiros socorros e t\u00e9cnicas de salvamento aqu\u00e1tico.<\/p>\n<p>De acordo com Domingos Madureira, integrante do grupo de Salva-Vidas do Munic\u00edpio e idealizador do projeto, a iniciativa acontecer\u00e1 durante a 4\u00aa etapa do Circuito Surf Session, evento que dever\u00e1 atrair in\u00fameros banhistas \u00e0quela regi\u00e3o.<\/p>\n<p>O projeto &#8220;Informar para n\u00e3o afogar&#8221; deste domingo, vai acontecer no Km 03 da Rodovia Ilh\u00e9us-Oliven\u00e7a.<\/p>\n","protected":false},"excerpt":{"rendered":"<p>Acontece no pr\u00f3ximo domingo (6), \u00e0s 8 horas, nas imedia\u00e7\u00f5es do Condom\u00ednio Para\u00edso Tropical, litoral sul de Ilh\u00e9us, mais uma edi\u00e7\u00e3o do projeto &#8220;Informar para n\u00e3o afogar&#8221;, uma iniciativa que tem a finalidade de conscientizar a popula\u00e7\u00e3o e turistas sobre os riscos de afogamento. Durante a a\u00e7\u00e3o, os participantes ouvem palestras sobre os \u00edndices de [&hellip;]<\/p>\n","protected":false},"author":2,"featured_media":0,"comment_status":"open","ping_status":"open","sticky":false,"template":"","format":"standard","meta":{"_links_to":"","_links_to_target":""},"categories":[23,25],"tags":[],"_links":{"self":[{"href":"https:\/\/www.r2cpress.com.br\/v1\/wp-json\/wp\/v2\/posts\/111735"}],"collection":[{"href":"https:\/\/www.r2cpress.com.br\/v1\/wp-json\/wp\/v2\/posts"}],"about":[{"href":"https:\/\/www.r2cpress.com.br\/v1\/wp-json\/wp\/v2\/types\/post"}],"author":[{"embeddable":true,"href":"https:\/\/www.r2cpress.com.br\/v1\/wp-json\/wp\/v2\/users\/2"}],"replies":[{"embeddable":true,"href":"https:\/\/www.r2cpress.com.br\/v1\/wp-json\/wp\/v2\/comments?post=111735"}],"version-history":[{"count":4,"href":"https:\/\/www.r2cpress.com.br\/v1\/wp-json\/wp\/v2\/posts\/111735\/revisions"}],"predecessor-version":[{"id":111739,"href":"https:\/\/www.r2cpress.com.br\/v1\/wp-json\/wp\/v2\/posts\/111735\/revisions\/111739"}],"wp:attachment":[{"href":"https:\/\/www.r2cpress.com.br\/v1\/wp-json\/wp\/v2\/media?parent=111735"}],"wp:term":[{"taxonomy":"category","embeddable":true,"href":"https:\/\/www.r2cpress.com.br\/v1\/wp-json\/wp\/v2\/categories?post=111735"},{"taxonomy":"post_tag","embeddable":true,"href":"https:\/\/www.r2cpress.com.br\/v1\/wp-json\/wp\/v2\/tags?post=111735"}],"curies":[{"name":"wp","href":"https:\/\/api.w.org\/{rel}","templated":true}]}}