{"id":111856,"date":"2017-08-08T13:30:14","date_gmt":"2017-08-08T16:30:14","guid":{"rendered":"http:\/\/www.r2cpress.com.br\/v1\/?p=111856"},"modified":"2017-08-08T13:30:14","modified_gmt":"2017-08-08T16:30:14","slug":"escritor-faz-palestra-em-ilheus-para-comemorar-jorge-amado","status":"publish","type":"post","link":"https:\/\/www.r2cpress.com.br\/v1\/2017\/08\/08\/escritor-faz-palestra-em-ilheus-para-comemorar-jorge-amado\/","title":{"rendered":"Escritor faz palestra em Ilh\u00e9us para comemorar Jorge Amado"},"content":{"rendered":"<p><img loading=\"lazy\" class=\"alignright size-full wp-image-111857\" src=\"http:\/\/www.r2cpress.com.br\/v1\/wp-content\/uploads\/2017\/08\/61358ae8-3ec8-433f-92ec-ff26d51386e8.jpg\" alt=\"\" width=\"350\" height=\"300\" srcset=\"https:\/\/www.r2cpress.com.br\/v1\/wp-content\/uploads\/2017\/08\/61358ae8-3ec8-433f-92ec-ff26d51386e8.jpg 350w, https:\/\/www.r2cpress.com.br\/v1\/wp-content\/uploads\/2017\/08\/61358ae8-3ec8-433f-92ec-ff26d51386e8-300x257.jpg 300w\" sizes=\"(max-width: 350px) 100vw, 350px\" \/>O escritor baiano Araken Vaz Galv\u00e3o faz palestra em Ilh\u00e9us, nesta quarta-feira (9), a partir das 16 horas, no Teatro Municipal, para comemorar o anivers\u00e1rio de nascimento de Jorge Amado. Na oportunidade, ele far\u00e1 breves relatos sobre sua conviv\u00eancia com Jorge Amado e o per\u00edodo em que esteve exilado em v\u00e1rios pa\u00edses da am\u00e9rica hisp\u00e2nica, durante a ditadura militar.<\/p>\n<p>Araken Galv\u00e3o ganhou o pr\u00eamio Jorge Amado, em 2016, organizado pela Uni\u00e3o Brasileira de Escritores, do Rio de Janeiro, e o concurso Talentos da Maturidade, em 2004 (Banco Real), com o conto &#8220;Os mortos&#8221;. Seu romance &#8220;Cr\u00f4nica de uma fam\u00edlia sertaneja&#8221; recebeu de Mill\u00f4r Fernandes a classifica\u00e7\u00e3o de &#8220;Espl\u00eandido&#8221;. Al\u00e9m disso, em trabalhos publicados na revista eletr\u00f4nica &#8216;Besti\u00e1rio&#8217;, e mant\u00e9m seu blog\u00a0<a href=\"http:\/\/arakenvaz.blogsopt.com\/\">arakenvaz.blogsopt.com<\/a>, e em v\u00e1rias outras revistas.<\/p>\n<p>Quando esteve exilado, o escritor tinha uma banca de revistas em Montevid\u00e9u, no Uruguai, e atuou como jornalista e produtor de TV. Estudou hist\u00f3ria, cinema, literatura e \u00e9 autor de 37 livros, entre romances, contos, ensaios, cinema e cr\u00f4nicas, sendo 12 publicados.<\/p>\n","protected":false},"excerpt":{"rendered":"<p>O escritor baiano Araken Vaz Galv\u00e3o faz palestra em Ilh\u00e9us, nesta quarta-feira (9), a partir das 16 horas, no Teatro Municipal, para comemorar o anivers\u00e1rio de nascimento de Jorge Amado. Na oportunidade, ele far\u00e1 breves relatos sobre sua conviv\u00eancia com Jorge Amado e o per\u00edodo em que esteve exilado em v\u00e1rios pa\u00edses da am\u00e9rica hisp\u00e2nica, [&hellip;]<\/p>\n","protected":false},"author":2,"featured_media":0,"comment_status":"open","ping_status":"open","sticky":false,"template":"","format":"standard","meta":{"_links_to":"","_links_to_target":""},"categories":[5,24],"tags":[],"_links":{"self":[{"href":"https:\/\/www.r2cpress.com.br\/v1\/wp-json\/wp\/v2\/posts\/111856"}],"collection":[{"href":"https:\/\/www.r2cpress.com.br\/v1\/wp-json\/wp\/v2\/posts"}],"about":[{"href":"https:\/\/www.r2cpress.com.br\/v1\/wp-json\/wp\/v2\/types\/post"}],"author":[{"embeddable":true,"href":"https:\/\/www.r2cpress.com.br\/v1\/wp-json\/wp\/v2\/users\/2"}],"replies":[{"embeddable":true,"href":"https:\/\/www.r2cpress.com.br\/v1\/wp-json\/wp\/v2\/comments?post=111856"}],"version-history":[{"count":1,"href":"https:\/\/www.r2cpress.com.br\/v1\/wp-json\/wp\/v2\/posts\/111856\/revisions"}],"predecessor-version":[{"id":111858,"href":"https:\/\/www.r2cpress.com.br\/v1\/wp-json\/wp\/v2\/posts\/111856\/revisions\/111858"}],"wp:attachment":[{"href":"https:\/\/www.r2cpress.com.br\/v1\/wp-json\/wp\/v2\/media?parent=111856"}],"wp:term":[{"taxonomy":"category","embeddable":true,"href":"https:\/\/www.r2cpress.com.br\/v1\/wp-json\/wp\/v2\/categories?post=111856"},{"taxonomy":"post_tag","embeddable":true,"href":"https:\/\/www.r2cpress.com.br\/v1\/wp-json\/wp\/v2\/tags?post=111856"}],"curies":[{"name":"wp","href":"https:\/\/api.w.org\/{rel}","templated":true}]}}