{"id":111859,"date":"2017-08-08T13:35:40","date_gmt":"2017-08-08T16:35:40","guid":{"rendered":"http:\/\/www.r2cpress.com.br\/v1\/?p=111859"},"modified":"2017-08-08T13:35:40","modified_gmt":"2017-08-08T16:35:40","slug":"incraba-recebe-com-pesar-a-noticia-da-morte-de-seis-trabalhadores-rurais-quilombola-em-lencois","status":"publish","type":"post","link":"https:\/\/www.r2cpress.com.br\/v1\/2017\/08\/08\/incraba-recebe-com-pesar-a-noticia-da-morte-de-seis-trabalhadores-rurais-quilombola-em-lencois\/","title":{"rendered":"Incra\/BA recebe com pesar a not\u00edcia da morte de seis trabalhadores rurais quilombola em Len\u00e7\u00f3is\u00a0"},"content":{"rendered":"<div style=\"text-align: left;\" align=\"center\"><em><strong>Salvador, 08 de Agosto de 2017.<\/strong><\/em><\/div>\n<div align=\"justify\">\n<img loading=\"lazy\" class=\"alignleft size-full wp-image-111860\" src=\"http:\/\/www.r2cpress.com.br\/v1\/wp-content\/uploads\/2017\/08\/04887_sam_2991_1737153714163994218.jpg\" alt=\"\" width=\"320\" height=\"240\" srcset=\"https:\/\/www.r2cpress.com.br\/v1\/wp-content\/uploads\/2017\/08\/04887_sam_2991_1737153714163994218.jpg 320w, https:\/\/www.r2cpress.com.br\/v1\/wp-content\/uploads\/2017\/08\/04887_sam_2991_1737153714163994218-300x225.jpg 300w\" sizes=\"(max-width: 320px) 100vw, 320px\" \/>A Superintend\u00eancia Regional do Incra\/BA lamenta os crimes que tiraram a vida de seis trabalhadores rurais do Territ\u00f3rio Quilombola de I\u00fana, no \u00faltimo domingo (06), no munic\u00edpio de Len\u00e7\u00f3is.<\/p>\n<p>A autarquia comunicou os crimes a Delegacia Agr\u00e1ria, na segunda-feira (07), e oficiar\u00e1 a Casa Civil, com isso, aguarda que os \u00f3rg\u00e3os da Justi\u00e7a punam os culpados. A delegada agr\u00e1ria, Giovanna Bomfim, junto com o representante da Ouvidoria Regional Agr\u00e1ria do Incra\/BA, estar\u00e1 em Len\u00e7\u00f3is a partir do pr\u00f3ximo dia 14 de agosto, acompanhando as investiga\u00e7\u00f5es.<\/p>\n<p>A institui\u00e7\u00e3o solidariza-se com a comunidade I\u00fana e com as fam\u00edlias das v\u00edtimas, os trabalhadores rurais quilombolas Adeilton Brito de Souza, Gild\u00e1sio Bispo das Neves, Amauri Pereira Silva, Valdir Pereira Silva, Marcos Pereira Silva e Cosme Ros\u00e1rio da Concei\u00e7\u00e3o.<\/p>\n<p>A not\u00edcia chocou a autarquia, pois se trata do oitavo trabalhador rural quilombola morto em menos de um m\u00eas e o s\u00e9timo, na comunidade I\u00fana. Esse crime tirou a vida de Lindomar Fernandes Martins, em dia 16 de julho. O outro assassinato ocorreu no Territ\u00f3rio Quilombola Jiboia, que fica no munic\u00edpio de Antonio Gon\u00e7alves, e causou a morte de Jos\u00e9 Raimundo Mota de Souza, no dia 14 de junho.<\/p><\/div>\n","protected":false},"excerpt":{"rendered":"<p>Salvador, 08 de Agosto de 2017. A Superintend\u00eancia Regional do Incra\/BA lamenta os crimes que tiraram a vida de seis trabalhadores rurais do Territ\u00f3rio Quilombola de I\u00fana, no \u00faltimo domingo (06), no munic\u00edpio de Len\u00e7\u00f3is. A autarquia comunicou os crimes a Delegacia Agr\u00e1ria, na segunda-feira (07), e oficiar\u00e1 a Casa Civil, com isso, aguarda que [&hellip;]<\/p>\n","protected":false},"author":2,"featured_media":0,"comment_status":"open","ping_status":"open","sticky":false,"template":"","format":"standard","meta":{"_links_to":"","_links_to_target":""},"categories":[29],"tags":[],"_links":{"self":[{"href":"https:\/\/www.r2cpress.com.br\/v1\/wp-json\/wp\/v2\/posts\/111859"}],"collection":[{"href":"https:\/\/www.r2cpress.com.br\/v1\/wp-json\/wp\/v2\/posts"}],"about":[{"href":"https:\/\/www.r2cpress.com.br\/v1\/wp-json\/wp\/v2\/types\/post"}],"author":[{"embeddable":true,"href":"https:\/\/www.r2cpress.com.br\/v1\/wp-json\/wp\/v2\/users\/2"}],"replies":[{"embeddable":true,"href":"https:\/\/www.r2cpress.com.br\/v1\/wp-json\/wp\/v2\/comments?post=111859"}],"version-history":[{"count":1,"href":"https:\/\/www.r2cpress.com.br\/v1\/wp-json\/wp\/v2\/posts\/111859\/revisions"}],"predecessor-version":[{"id":111861,"href":"https:\/\/www.r2cpress.com.br\/v1\/wp-json\/wp\/v2\/posts\/111859\/revisions\/111861"}],"wp:attachment":[{"href":"https:\/\/www.r2cpress.com.br\/v1\/wp-json\/wp\/v2\/media?parent=111859"}],"wp:term":[{"taxonomy":"category","embeddable":true,"href":"https:\/\/www.r2cpress.com.br\/v1\/wp-json\/wp\/v2\/categories?post=111859"},{"taxonomy":"post_tag","embeddable":true,"href":"https:\/\/www.r2cpress.com.br\/v1\/wp-json\/wp\/v2\/tags?post=111859"}],"curies":[{"name":"wp","href":"https:\/\/api.w.org\/{rel}","templated":true}]}}