{"id":112069,"date":"2017-08-14T14:06:18","date_gmt":"2017-08-14T17:06:18","guid":{"rendered":"http:\/\/www.r2cpress.com.br\/v1\/?p=112069"},"modified":"2017-08-14T14:06:18","modified_gmt":"2017-08-14T17:06:18","slug":"sede-propria-da-gerencia-do-trabalho-de-ilheus-sera-reativada","status":"publish","type":"post","link":"https:\/\/www.r2cpress.com.br\/v1\/2017\/08\/14\/sede-propria-da-gerencia-do-trabalho-de-ilheus-sera-reativada\/","title":{"rendered":"Sede pr\u00f3pria da Ger\u00eancia do Trabalho de Ilh\u00e9us ser\u00e1 reativada"},"content":{"rendered":"<p><em>Termo de coopera\u00e7\u00e3o assinado entre a Superintend\u00eancia e Prefeitura de Ilh\u00e9us viabilizar\u00e1 o projeto de reforma do im\u00f3vel<\/em><\/p>\n<p>Um termo de coopera\u00e7\u00e3o assinado pela Superintend\u00eancia Regional do Trabalho na Bahia (SRT-BA) e a Prefeitura de Ilh\u00e9us viabilizar\u00e1 o projeto de requalifica\u00e7\u00e3o da sede pr\u00f3pria da ger\u00eancia do munic\u00edpio, localizada na Rua Joana Ang\u00e9lica. O local foi fechado em 2013 por falta de condi\u00e7\u00f5es de uso.<\/p>\n<p>O documento foi assinado pela superintendente regional do Trabalho da Bahia, Gerta Schultz, em solenidade realizada na \u00faltima semana. O evento tamb\u00e9m contou com a participa\u00e7\u00e3o do chefe de Inspe\u00e7\u00e3o do Trabalho do Estado, Fl\u00e1vio Nunes; do assessor t\u00e9cnico, Maur\u00edcio de Macedo; do prefeito de Ilh\u00e9us, M\u00e1rio Alexandre, e outras autoridades municipais.<\/p>\n<p>Gerta Schultz destaca que parcerias como a da Prefeitura de Ilh\u00e9us trazem muitos benef\u00edcios. \u201cO retorno  \u00e9 da presta\u00e7\u00e3o do atendimento pelo Minist\u00e9rio do Trabalho para um im\u00f3vel pr\u00f3prio, melhores condi\u00e7\u00f5es de atendimento para a popula\u00e7\u00e3o e de trabalho para os servidores. O Minist\u00e9rio P\u00fablico do Trabalho da Bahia tamb\u00e9m \u00e9 um parceiro nessa iniciativa, visto que sinalizou a possibilidade da destina\u00e7\u00e3o de R$ 450 mil, resultado de acordos judiciais, para a execu\u00e7\u00e3o da obra&#8221;, disse.<\/p>\n<p>Segundo o prefeito, com a assinatura do termo, a equipe da Prefeitura de Ilh\u00e9us prestar\u00e1 assessoria t\u00e9cnica \u00e0 Superintend\u00eancia na elabora\u00e7\u00e3o e acompanhamento da execu\u00e7\u00e3o dos projetos de engenharia necess\u00e1rios \u00e0 reforma do im\u00f3vel. A prefeitura avaliar\u00e1 o projeto arquitet\u00f4nico existente e apresentar\u00e1 projetos complementares de redes el\u00e9trica e hidr\u00e1ulica, climatiza\u00e7\u00e3o, paisag\u00edstico e de acessibilidade. \u201cA requalifica\u00e7\u00e3o deste patrim\u00f4nio \u00e9 importante para a classe trabalhadora de Ilh\u00e9us e ter\u00e1 o nosso apoio\u201d, disse o prefeito.<\/p>\n<p> Desde que o pr\u00e9dio foi fechado, h\u00e1 quatro anos, o atendimento passou a funcionar, provisoriamente, na Avenida Canavieiras. A expectativa \u00e9 que at\u00e9 o final do ano o atendimento volte a ser realizado na sede pr\u00f3pria.<\/p>\n<p>Hoje, a ger\u00eancia regional atende moradores de 39 cidades. Na Bahia, existem oito ger\u00eancias regionais, 18 ag\u00eancias, al\u00e9m da sede, em Salvador.<\/p>\n","protected":false},"excerpt":{"rendered":"<p>Termo de coopera\u00e7\u00e3o assinado entre a Superintend\u00eancia e Prefeitura de Ilh\u00e9us viabilizar\u00e1 o projeto de reforma do im\u00f3vel Um termo de coopera\u00e7\u00e3o assinado pela Superintend\u00eancia Regional do Trabalho na Bahia (SRT-BA) e a Prefeitura de Ilh\u00e9us viabilizar\u00e1 o projeto de requalifica\u00e7\u00e3o da sede pr\u00f3pria da ger\u00eancia do munic\u00edpio, localizada na Rua Joana Ang\u00e9lica. O local [&hellip;]<\/p>\n","protected":false},"author":2,"featured_media":0,"comment_status":"open","ping_status":"open","sticky":false,"template":"","format":"standard","meta":{"_links_to":"","_links_to_target":""},"categories":[14],"tags":[],"_links":{"self":[{"href":"https:\/\/www.r2cpress.com.br\/v1\/wp-json\/wp\/v2\/posts\/112069"}],"collection":[{"href":"https:\/\/www.r2cpress.com.br\/v1\/wp-json\/wp\/v2\/posts"}],"about":[{"href":"https:\/\/www.r2cpress.com.br\/v1\/wp-json\/wp\/v2\/types\/post"}],"author":[{"embeddable":true,"href":"https:\/\/www.r2cpress.com.br\/v1\/wp-json\/wp\/v2\/users\/2"}],"replies":[{"embeddable":true,"href":"https:\/\/www.r2cpress.com.br\/v1\/wp-json\/wp\/v2\/comments?post=112069"}],"version-history":[{"count":1,"href":"https:\/\/www.r2cpress.com.br\/v1\/wp-json\/wp\/v2\/posts\/112069\/revisions"}],"predecessor-version":[{"id":112070,"href":"https:\/\/www.r2cpress.com.br\/v1\/wp-json\/wp\/v2\/posts\/112069\/revisions\/112070"}],"wp:attachment":[{"href":"https:\/\/www.r2cpress.com.br\/v1\/wp-json\/wp\/v2\/media?parent=112069"}],"wp:term":[{"taxonomy":"category","embeddable":true,"href":"https:\/\/www.r2cpress.com.br\/v1\/wp-json\/wp\/v2\/categories?post=112069"},{"taxonomy":"post_tag","embeddable":true,"href":"https:\/\/www.r2cpress.com.br\/v1\/wp-json\/wp\/v2\/tags?post=112069"}],"curies":[{"name":"wp","href":"https:\/\/api.w.org\/{rel}","templated":true}]}}