{"id":112080,"date":"2017-08-14T16:15:08","date_gmt":"2017-08-14T19:15:08","guid":{"rendered":"http:\/\/www.r2cpress.com.br\/v1\/?p=112080"},"modified":"2017-08-14T16:15:08","modified_gmt":"2017-08-14T19:15:08","slug":"sesau-convoca-pais-ou-responsaveis-para-vacinarem-as-criancas-com-a-segunda-dose","status":"publish","type":"post","link":"https:\/\/www.r2cpress.com.br\/v1\/2017\/08\/14\/sesau-convoca-pais-ou-responsaveis-para-vacinarem-as-criancas-com-a-segunda-dose\/","title":{"rendered":"Sesau convoca pais ou respons\u00e1veis para vacinarem as crian\u00e7as com a segunda dose"},"content":{"rendered":"<p><div id=\"attachment_112081\" style=\"width: 360px\" class=\"wp-caption alignleft\"><img aria-describedby=\"caption-attachment-112081\" loading=\"lazy\" class=\"size-full wp-image-112081\" src=\"http:\/\/www.r2cpress.com.br\/v1\/wp-content\/uploads\/2017\/08\/Campanha-de-vacina\u00e7\u00e3o-contra-a-Influenza-Foto-Secom.jpg\" alt=\"\" width=\"350\" height=\"233\" srcset=\"https:\/\/www.r2cpress.com.br\/v1\/wp-content\/uploads\/2017\/08\/Campanha-de-vacina\u00e7\u00e3o-contra-a-Influenza-Foto-Secom.jpg 350w, https:\/\/www.r2cpress.com.br\/v1\/wp-content\/uploads\/2017\/08\/Campanha-de-vacina\u00e7\u00e3o-contra-a-Influenza-Foto-Secom-300x200.jpg 300w\" sizes=\"(max-width: 350px) 100vw, 350px\" \/><p id=\"caption-attachment-112081\" class=\"wp-caption-text\"><em><strong>Campanha de vacina\u00e7\u00e3o contra a Influenza &#8211; Foto Secom<\/strong><\/em><\/p><\/div>De acordo com dados da secretaria municipal de Sa\u00fade (Sesau) de Ilh\u00e9us, cerca de 2.460 mil crian\u00e7as maiores de 6 meses e menores de 9 anos, ainda precisam receber a segunda dose da vacina influenza trivalente contra gripe. Desde que foi iniciada no dia 17 de abril, a campanha, apesar de toda infraestrutura e divulga\u00e7\u00e3o montados pela Sesau, n\u00e3o atingiu a meta de vacina\u00e7\u00e3o estipulada em 12.315 mil doses.<br \/>\nA orienta\u00e7\u00e3o da Sesau \u00e9 para que a popula\u00e7\u00e3o procure o posto de sa\u00fade mais pr\u00f3ximo a fim de receber orienta\u00e7\u00f5es ou atualizar a vacina, seguindo orienta\u00e7\u00f5es de agendamentos descritas no cart\u00e3o de vacina\u00e7\u00e3o da crian\u00e7a. A secret\u00e1ria de Sa\u00fade, Eliz\u00e2ngela Oliveira, acredita que a pouca procura por esta imuniza\u00e7\u00e3o se deve ao fato de que este ano n\u00e3o foi registrado nenhum caso grave da gripe e, portanto, a popula\u00e7\u00e3o tranquilizou-se, esquecendo dos riscos da Influenza. &#8220;Vale lembrar que a vacina\u00e7\u00e3o \u00e9 a interven\u00e7\u00e3o mais importante na redu\u00e7\u00e3o do impacto da influenza&#8221;, explicou a secret\u00e1ria.<br \/>\n Existem tr\u00eas tipos de v\u00edrus Influenza: A, B e C. O v\u00edrus do tipo A \u00e9 o respons\u00e1vel pelas grandes pandemias e, dentre os subtipos existentes &#8211; os A(H1N1) e A(H3N2) &#8211; circulam atualmente em humanos.<br \/>\nSegundo a coordenadora da rede de frios da Sesau, Valqu\u00edria Cardeal, o papiloma v\u00edrus humano (HPV), pode provocar c\u00e2ncer de colo do \u00fatero e que a vacina protege contra os tipos mais frequentes do v\u00edrus. Ela disse ainda que al\u00e9m de vacinar &#8220;as meninas de 9 a 13 anos, 11 meses e 29 dias, os meninos tamb\u00e9m est\u00e3o sendo vacinados neste novo calend\u00e1rio. Em 2020, a faixa et\u00e1ria dos meninos ser\u00e1 ampliada&#8221;, destacou a coordenadora.<\/p>\n","protected":false},"excerpt":{"rendered":"<p>De acordo com dados da secretaria municipal de Sa\u00fade (Sesau) de Ilh\u00e9us, cerca de 2.460 mil crian\u00e7as maiores de 6 meses e menores de 9 anos, ainda precisam receber a segunda dose da vacina influenza trivalente contra gripe. Desde que foi iniciada no dia 17 de abril, a campanha, apesar de toda infraestrutura e divulga\u00e7\u00e3o [&hellip;]<\/p>\n","protected":false},"author":2,"featured_media":0,"comment_status":"open","ping_status":"open","sticky":false,"template":"","format":"standard","meta":{"_links_to":"","_links_to_target":""},"categories":[24],"tags":[],"_links":{"self":[{"href":"https:\/\/www.r2cpress.com.br\/v1\/wp-json\/wp\/v2\/posts\/112080"}],"collection":[{"href":"https:\/\/www.r2cpress.com.br\/v1\/wp-json\/wp\/v2\/posts"}],"about":[{"href":"https:\/\/www.r2cpress.com.br\/v1\/wp-json\/wp\/v2\/types\/post"}],"author":[{"embeddable":true,"href":"https:\/\/www.r2cpress.com.br\/v1\/wp-json\/wp\/v2\/users\/2"}],"replies":[{"embeddable":true,"href":"https:\/\/www.r2cpress.com.br\/v1\/wp-json\/wp\/v2\/comments?post=112080"}],"version-history":[{"count":3,"href":"https:\/\/www.r2cpress.com.br\/v1\/wp-json\/wp\/v2\/posts\/112080\/revisions"}],"predecessor-version":[{"id":112084,"href":"https:\/\/www.r2cpress.com.br\/v1\/wp-json\/wp\/v2\/posts\/112080\/revisions\/112084"}],"wp:attachment":[{"href":"https:\/\/www.r2cpress.com.br\/v1\/wp-json\/wp\/v2\/media?parent=112080"}],"wp:term":[{"taxonomy":"category","embeddable":true,"href":"https:\/\/www.r2cpress.com.br\/v1\/wp-json\/wp\/v2\/categories?post=112080"},{"taxonomy":"post_tag","embeddable":true,"href":"https:\/\/www.r2cpress.com.br\/v1\/wp-json\/wp\/v2\/tags?post=112080"}],"curies":[{"name":"wp","href":"https:\/\/api.w.org\/{rel}","templated":true}]}}