{"id":112155,"date":"2017-08-17T08:36:49","date_gmt":"2017-08-17T11:36:49","guid":{"rendered":"http:\/\/www.r2cpress.com.br\/v1\/?p=112155"},"modified":"2017-08-17T08:36:49","modified_gmt":"2017-08-17T11:36:49","slug":"em-2017-prefeitura-ja-vetou-20-dos-projetos-elaborados-por-vereadores-na-camara","status":"publish","type":"post","link":"https:\/\/www.r2cpress.com.br\/v1\/2017\/08\/17\/em-2017-prefeitura-ja-vetou-20-dos-projetos-elaborados-por-vereadores-na-camara\/","title":{"rendered":"Em 2017, prefeitura j\u00e1 vetou 20% dos projetos elaborados por vereadores na C\u00e2mara"},"content":{"rendered":"<h2><span style=\"color: #000000;\"><strong>por Guilherme Ferreira<\/strong><\/span><\/h2>\n<p><strong>A C\u00e2mara de Salvador aprovou nesta quarta-feira (16) nove vetos parciais da prefeitura a projetos que receberam o aval da Casa anteriormente. Um deles estava relacionado ao projeto de desafeta\u00e7\u00e3o, encaminhado pela pr\u00f3pria prefeitura, e tinha como objetivo cumprir o Termo de Ajuste de Conduta (TAC) firmado com o Minist\u00e9rio P\u00fablico da Bahia (MP-BA) (<a href=\"http:\/\/www.bahianoticias.com.br\/noticia\/211058-por-cumprimento-a-tac-camara-deve-votar-veto-parcial-de-desafetacao-nesta-quarta.html\" target=\"_blank\" rel=\"noopener noreferrer\">veja mais<\/a>). No entanto, os outros oito vetos parciais aprovados diziam respeito a mat\u00e9rias de autoria dos pr\u00f3prios vereadores e a decis\u00e3o do Executivo de barrar uma parcela dos textos os deixou descontentes. Este ano, a prefeitura j\u00e1 vetou, parcial ou integralmente, 18 dos 90 projetos de vereadores que foram aprovados na C\u00e2mara, o equivalente a 20%. Incluindo na conta o veto ao projeto de desafeta\u00e7\u00e3o, o legislativo de Salvador j\u00e1 alcan\u00e7ou 19 no ano de 2017. O n\u00famero \u00e9 o mais alto desde pelo menos 2005, quando a C\u00e2mara come\u00e7ou a registrar o dado.<\/strong><\/p>\n<p>&#8212;<\/p>\n<p><em><strong>Mat\u00e9ria completa no BAHIA NOT\u00cdCIAS:<\/strong><\/em><\/p>\n<p><em>http:\/\/www.bahianoticias.com.br\/noticia\/211102-em-2017-prefeitura-ja-vetou-20-dos-projetos-elaborados-por-vereadores-na-camara.html<\/em><\/p>\n","protected":false},"excerpt":{"rendered":"<p>por Guilherme Ferreira A C\u00e2mara de Salvador aprovou nesta quarta-feira (16) nove vetos parciais da prefeitura a projetos que receberam o aval da Casa anteriormente. Um deles estava relacionado ao projeto de desafeta\u00e7\u00e3o, encaminhado pela pr\u00f3pria prefeitura, e tinha como objetivo cumprir o Termo de Ajuste de Conduta (TAC) firmado com o Minist\u00e9rio P\u00fablico da [&hellip;]<\/p>\n","protected":false},"author":2,"featured_media":0,"comment_status":"open","ping_status":"open","sticky":false,"template":"","format":"standard","meta":{"_links_to":"","_links_to_target":""},"categories":[13,22],"tags":[],"_links":{"self":[{"href":"https:\/\/www.r2cpress.com.br\/v1\/wp-json\/wp\/v2\/posts\/112155"}],"collection":[{"href":"https:\/\/www.r2cpress.com.br\/v1\/wp-json\/wp\/v2\/posts"}],"about":[{"href":"https:\/\/www.r2cpress.com.br\/v1\/wp-json\/wp\/v2\/types\/post"}],"author":[{"embeddable":true,"href":"https:\/\/www.r2cpress.com.br\/v1\/wp-json\/wp\/v2\/users\/2"}],"replies":[{"embeddable":true,"href":"https:\/\/www.r2cpress.com.br\/v1\/wp-json\/wp\/v2\/comments?post=112155"}],"version-history":[{"count":2,"href":"https:\/\/www.r2cpress.com.br\/v1\/wp-json\/wp\/v2\/posts\/112155\/revisions"}],"predecessor-version":[{"id":112157,"href":"https:\/\/www.r2cpress.com.br\/v1\/wp-json\/wp\/v2\/posts\/112155\/revisions\/112157"}],"wp:attachment":[{"href":"https:\/\/www.r2cpress.com.br\/v1\/wp-json\/wp\/v2\/media?parent=112155"}],"wp:term":[{"taxonomy":"category","embeddable":true,"href":"https:\/\/www.r2cpress.com.br\/v1\/wp-json\/wp\/v2\/categories?post=112155"},{"taxonomy":"post_tag","embeddable":true,"href":"https:\/\/www.r2cpress.com.br\/v1\/wp-json\/wp\/v2\/tags?post=112155"}],"curies":[{"name":"wp","href":"https:\/\/api.w.org\/{rel}","templated":true}]}}