{"id":112227,"date":"2017-08-19T11:10:09","date_gmt":"2017-08-19T14:10:09","guid":{"rendered":"http:\/\/www.r2cpress.com.br\/v1\/?p=112227"},"modified":"2017-08-19T11:10:09","modified_gmt":"2017-08-19T14:10:09","slug":"concurso-para-oficiais-da-pmba-acontece-amanha","status":"publish","type":"post","link":"https:\/\/www.r2cpress.com.br\/v1\/2017\/08\/19\/concurso-para-oficiais-da-pmba-acontece-amanha\/","title":{"rendered":"Concurso para oficiais da PMBA acontece amanh\u00e3"},"content":{"rendered":"<p>Quem sonha ser policial militar ter\u00e1 mais uma chance de ingressar nas fileiras da corpora\u00e7\u00e3o baiana neste domingo (20). As provas de conhecimentos gerais e espec\u00edficos ser\u00e3o aplicadas para 15.338 candidatos que se inscreveram para o certame. 60 vagas s\u00e3o oferecidas para a PMBA, outras 30 vagas tamb\u00e9m estar\u00e3o sendo disputadas, mas para aqueles candidatos que no momento da inscri\u00e7\u00e3o optaram pela carreira de bombeiro militar.<\/p>\n<p>A concorr\u00eancia calculada em raz\u00e3o da quantidade de inscritos e do n\u00famero de vagas dispon\u00edveis aponta 215\/1, para os cargos na PMBA, e 80\/1 para as vagas no CBMBA.<\/p>\n<p>O Comandante Geral da PMBA, coronel Anselmo Brand\u00e3o, acompanhar\u00e1 a realiza\u00e7\u00e3o dessa primeira fase do concurso em algumas escolas da capital baiana onde os candidatos estar\u00e3o pondo \u00e0 prova os conte\u00fados estudados para este t\u00e3o esperado momento.<\/p>\n<p>Lembramos a todos que as provas ser\u00e3o realizadas no per\u00edodo vespertino. Os port\u00f5es dos locais de aplica\u00e7\u00e3o das provas ser\u00e3o abertos \u00e0s 12h e fechados, impreterivelmente, \u00e0s 12h50min.<\/p>\n<p><strong>O qu\u00ea: Provas para vagas no CFO PM e BM<\/strong><\/p>\n<p><strong>Onde: Col\u00e9gio Raphael Serravale \u2013 Pituba \u2013 atendimento \u00e0 imprensa pelo Comandante Geral<\/strong><\/p>\n<p><strong>Hor\u00e1rios: 12h \u00e0s 12h50min \u2013 abertura dos port\u00f5es<\/strong><\/p>\n<p><strong>\u00a0 \u00a0 \u00a0 \u00a0 \u00a0 \u00a0 \u00a0 \u00a0 \u00a0 14h \u2013 entrevista sobre o certame<\/strong><\/p>\n<p><strong>Fonte: Cel PM Anselmo Alves Brand\u00e3o \u2013 Comandante Geral da PMBA<\/strong><\/p>\n","protected":false},"excerpt":{"rendered":"<p>Quem sonha ser policial militar ter\u00e1 mais uma chance de ingressar nas fileiras da corpora\u00e7\u00e3o baiana neste domingo (20). As provas de conhecimentos gerais e espec\u00edficos ser\u00e3o aplicadas para 15.338 candidatos que se inscreveram para o certame. 60 vagas s\u00e3o oferecidas para a PMBA, outras 30 vagas tamb\u00e9m estar\u00e3o sendo disputadas, mas para aqueles candidatos [&hellip;]<\/p>\n","protected":false},"author":2,"featured_media":0,"comment_status":"open","ping_status":"open","sticky":false,"template":"","format":"standard","meta":{"_links_to":"","_links_to_target":""},"categories":[29,25],"tags":[],"_links":{"self":[{"href":"https:\/\/www.r2cpress.com.br\/v1\/wp-json\/wp\/v2\/posts\/112227"}],"collection":[{"href":"https:\/\/www.r2cpress.com.br\/v1\/wp-json\/wp\/v2\/posts"}],"about":[{"href":"https:\/\/www.r2cpress.com.br\/v1\/wp-json\/wp\/v2\/types\/post"}],"author":[{"embeddable":true,"href":"https:\/\/www.r2cpress.com.br\/v1\/wp-json\/wp\/v2\/users\/2"}],"replies":[{"embeddable":true,"href":"https:\/\/www.r2cpress.com.br\/v1\/wp-json\/wp\/v2\/comments?post=112227"}],"version-history":[{"count":2,"href":"https:\/\/www.r2cpress.com.br\/v1\/wp-json\/wp\/v2\/posts\/112227\/revisions"}],"predecessor-version":[{"id":112229,"href":"https:\/\/www.r2cpress.com.br\/v1\/wp-json\/wp\/v2\/posts\/112227\/revisions\/112229"}],"wp:attachment":[{"href":"https:\/\/www.r2cpress.com.br\/v1\/wp-json\/wp\/v2\/media?parent=112227"}],"wp:term":[{"taxonomy":"category","embeddable":true,"href":"https:\/\/www.r2cpress.com.br\/v1\/wp-json\/wp\/v2\/categories?post=112227"},{"taxonomy":"post_tag","embeddable":true,"href":"https:\/\/www.r2cpress.com.br\/v1\/wp-json\/wp\/v2\/tags?post=112227"}],"curies":[{"name":"wp","href":"https:\/\/api.w.org\/{rel}","templated":true}]}}