{"id":112319,"date":"2017-08-22T18:07:01","date_gmt":"2017-08-22T21:07:01","guid":{"rendered":"http:\/\/www.r2cpress.com.br\/v1\/?p=112319"},"modified":"2017-08-22T18:07:01","modified_gmt":"2017-08-22T21:07:01","slug":"em-brasilia-rui-assina-delegacao-do-aeroporto-de-ilheus-para-o-estado","status":"publish","type":"post","link":"https:\/\/www.r2cpress.com.br\/v1\/2017\/08\/22\/em-brasilia-rui-assina-delegacao-do-aeroporto-de-ilheus-para-o-estado\/","title":{"rendered":"Em Bras\u00edlia, Rui assina delega\u00e7\u00e3o do Aeroporto de Ilh\u00e9us para o Estado"},"content":{"rendered":"<p><div id=\"attachment_112320\" style=\"width: 560px\" class=\"wp-caption aligncenter\"><img aria-describedby=\"caption-attachment-112320\" loading=\"lazy\" src=\"http:\/\/www.r2cpress.com.br\/v1\/wp-content\/uploads\/2017\/08\/Foto_Camila-Peres_GOVBA.jpeg\" alt=\"\" width=\"600\" height=\"413\" class=\"size-full wp-image-112320\" \/><p id=\"caption-attachment-112320\" class=\"wp-caption-text\"><em><strong>Foto_Camila Peres_GOVBA<\/strong><\/em><\/p><\/div>O governador Rui Costa desembarcou, nesta ter\u00e7a-feira (22), na capital federal, para assinar o contrato de delega\u00e7\u00e3o do Aeroporto Jorge Amado, em Ilh\u00e9us, para o Governo da Bahia. Ao lado do ministro dos Transportes, Maur\u00edcio Quintella, do vice-governador, Jo\u00e3o Le\u00e3o, e do secret\u00e1rio estadual de Infraestrutura, Marcus Cavalcanti, Rui destacou a import\u00e2ncia deste desfecho para a continuidade do desenvolvimento da regi\u00e3o sul. &#8220;Aquela regi\u00e3o sonha com um novo aeroporto. \u00c9 o Estado assumindo este equipamento e, em nome do povo da Bahia, agrade\u00e7o por chegarmos a este consenso&#8221;, afirmou. <\/p>\n<p><!--more--><\/p>\n<p>Boa parte dos turistas que visitam a Bahia chega por Ilh\u00e9us, onde fica um dos mais antigos aeroportos do estado e o terceiro maior em n\u00famero de passageiros. Em 2016, o Jorge Amado recebeu mais de 550 mil pessoas. At\u00e9 abril deste ano, 190 mil viajantes passaram por l\u00e1.<\/p>\n<p>Com a responsabilidade nas m\u00e3os do Estado, a programa\u00e7\u00e3o \u00e9 lan\u00e7ar licita\u00e7\u00e3o para que empresas de avia\u00e7\u00e3o civil disputem a gest\u00e3o. De acordo com o secret\u00e1rio Marcus Cavalcanti, quem ganhar a licita\u00e7\u00e3o, al\u00e9m de ampliar o terminal de passageiros, realizar obra de recupera\u00e7\u00e3o da pista e a obra de tr\u00e1fego a\u00e9reo, ter\u00e1 como obriga\u00e7\u00e3o fazer o estudo de localiza\u00e7\u00e3o, o projeto e o licenciamento ambiental para o novo aeroporto de Ilh\u00e9us.<\/p>\n<p>&#8220;N\u00f3s estamos dando o primeiro passo e estamos tendo condi\u00e7\u00e3o de fazer um investimento pelo setor privado na melhoria de condi\u00e7\u00e3o daquele aeroporto para atrair mais voos&#8221;, enfatizou Cavalcanti.<\/p>\n<p><strong>Concess\u00e3o<\/strong><\/p>\n<p>O Jorge Amado ser\u00e1 o d\u00e9cimo aeroporto na Bahia a receber anu\u00eancia da Secretaria de Avia\u00e7\u00e3o Civil para concess\u00e3o. Antes dele, os aer\u00f3dromos de Barreiras, Comandatuba, Feira de Santana, Len\u00e7\u00f3is, Teixeira de Freitas, Caravela, Valen\u00e7a, Vit\u00f3ria da Conquista e Porto Seguro j\u00e1 haviam sido delegados ao Governo do Estado. Com isso, passam a ser 83 terminais que est\u00e3o sob responsabilidade da Seinfra.<\/p>\n<p><strong>Hist\u00f3ria<\/strong><\/p>\n<p>Assim como Barreiras, Caravelas e Belmonte, o Jorge Amado foi constru\u00eddo na d\u00e9cada de 30, per\u00edodo da Segunda Guerra Mundial. Durante mais de 40 anos, foi administrado pela For\u00e7a A\u00e9rea Brasileira (FAB). J\u00e1 nos anos 80, a Infraero passou a ser respons\u00e1vel pela gest\u00e3o e permanece por at\u00e9 no m\u00e1ximo um ano para garantir funcionamento at\u00e9 finaliza\u00e7\u00e3o da nova modelagem.<\/p>\n<p><strong>Agenda<\/strong><\/p>\n<p>Ainda em Bras\u00edlia, Rui percorre os gabinetes dos ministros do Supremo Tribunal Federal (STF) para tratar de a\u00e7\u00e3o que diz respeito aos recursos do Fundo de Manuten\u00e7\u00e3o e de Desenvolvimento do Ensino Fundamental e de Valoriza\u00e7\u00e3o do Magist\u00e9rio (Fundef), que pode ser apreciado nesta quarta-feira (23) pelos ministros. A Bahia quer altera\u00e7\u00e3o acerca dos valores repassado pela Uni\u00e3o; outros governadores do Nordeste est\u00e3o em Bras\u00edlia com este mesmo pleito.<\/p>\n","protected":false},"excerpt":{"rendered":"<p>O governador Rui Costa desembarcou, nesta ter\u00e7a-feira (22), na capital federal, para assinar o contrato de delega\u00e7\u00e3o do Aeroporto Jorge Amado, em Ilh\u00e9us, para o Governo da Bahia. Ao lado do ministro dos Transportes, Maur\u00edcio Quintella, do vice-governador, Jo\u00e3o Le\u00e3o, e do secret\u00e1rio estadual de Infraestrutura, Marcus Cavalcanti, Rui destacou a import\u00e2ncia deste desfecho para [&hellip;]<\/p>\n","protected":false},"author":2,"featured_media":0,"comment_status":"open","ping_status":"open","sticky":false,"template":"","format":"standard","meta":{"_links_to":"","_links_to_target":""},"categories":[29,14],"tags":[],"_links":{"self":[{"href":"https:\/\/www.r2cpress.com.br\/v1\/wp-json\/wp\/v2\/posts\/112319"}],"collection":[{"href":"https:\/\/www.r2cpress.com.br\/v1\/wp-json\/wp\/v2\/posts"}],"about":[{"href":"https:\/\/www.r2cpress.com.br\/v1\/wp-json\/wp\/v2\/types\/post"}],"author":[{"embeddable":true,"href":"https:\/\/www.r2cpress.com.br\/v1\/wp-json\/wp\/v2\/users\/2"}],"replies":[{"embeddable":true,"href":"https:\/\/www.r2cpress.com.br\/v1\/wp-json\/wp\/v2\/comments?post=112319"}],"version-history":[{"count":3,"href":"https:\/\/www.r2cpress.com.br\/v1\/wp-json\/wp\/v2\/posts\/112319\/revisions"}],"predecessor-version":[{"id":112323,"href":"https:\/\/www.r2cpress.com.br\/v1\/wp-json\/wp\/v2\/posts\/112319\/revisions\/112323"}],"wp:attachment":[{"href":"https:\/\/www.r2cpress.com.br\/v1\/wp-json\/wp\/v2\/media?parent=112319"}],"wp:term":[{"taxonomy":"category","embeddable":true,"href":"https:\/\/www.r2cpress.com.br\/v1\/wp-json\/wp\/v2\/categories?post=112319"},{"taxonomy":"post_tag","embeddable":true,"href":"https:\/\/www.r2cpress.com.br\/v1\/wp-json\/wp\/v2\/tags?post=112319"}],"curies":[{"name":"wp","href":"https:\/\/api.w.org\/{rel}","templated":true}]}}