{"id":112398,"date":"2017-08-24T19:59:54","date_gmt":"2017-08-24T22:59:54","guid":{"rendered":"http:\/\/www.r2cpress.com.br\/v1\/?p=112398"},"modified":"2017-08-24T19:59:54","modified_gmt":"2017-08-24T22:59:54","slug":"prefeito-autoriza-convocacao-de-mais-servidores-para-a-saude-em-ilheus","status":"publish","type":"post","link":"https:\/\/www.r2cpress.com.br\/v1\/2017\/08\/24\/prefeito-autoriza-convocacao-de-mais-servidores-para-a-saude-em-ilheus\/","title":{"rendered":"Prefeito autoriza convoca\u00e7\u00e3o de mais servidores para a Sa\u00fade em Ilh\u00e9us"},"content":{"rendered":"<p>O prefeito de Ilh\u00e9us, M\u00e1rio Alexandre Sousa, autorizou a convoca\u00e7\u00e3o de mais servidores concursados para integrar o quadro de pessoal da secretaria municipal de Sa\u00fade e ampliar a cobertura no atendimento \u00e0 popula\u00e7\u00e3o local, em especial, o SAMU \u2013 Servi\u00e7o de Atendimento M\u00f3vel de Urg\u00eancia. Al\u00e9m de considerar a necessidade de m\u00e3o de obra para a atua\u00e7\u00e3o dos programas de sa\u00fade p\u00fablica, o prefeito leva em conta tamb\u00e9m o acordo estabelecido com o Minist\u00e9rio P\u00fablico Estadual e o Minist\u00e9rio P\u00fablico do Trabalho.<\/p>\n<p>Atrav\u00e9s da Portaria N\u00ba 227, o prefeito M\u00e1rio Alexandre convoca profissionais T\u00e9cnicos de Enfermagem, T\u00e9cnicos de Enfermagem Socorrista, Condutor Socorrista, Auxiliares de Regula\u00e7\u00e3o, M\u00e9dicos Cl\u00ednicos, Psic\u00f3logo, Nutricionista, Educador F\u00edsico e Assistentes Sociais.  O ato de convoca\u00e7\u00e3o foi publicado no Di\u00e1rio Oficial Eletr\u00f4nico do munic\u00edpio (http:\/\/www.ilheus.ba.gov.br\/diario-eletronico).  <\/p>\n<p>A partir da data de publica\u00e7\u00e3o da portaria, os convocados ter\u00e3o um prazo de 30 dias para se apresentarem no Departamento de Recursos Humanos, situado \u00e0 Rua Santos Dumont, Anexo de Secretarias, 2\u00ba andar, no centro da cidade. Nessa ocasi\u00e3o,  devem estar munidos dos documentos constantes no Anexo II da Portaria 227.<\/p>\n","protected":false},"excerpt":{"rendered":"<p>O prefeito de Ilh\u00e9us, M\u00e1rio Alexandre Sousa, autorizou a convoca\u00e7\u00e3o de mais servidores concursados para integrar o quadro de pessoal da secretaria municipal de Sa\u00fade e ampliar a cobertura no atendimento \u00e0 popula\u00e7\u00e3o local, em especial, o SAMU \u2013 Servi\u00e7o de Atendimento M\u00f3vel de Urg\u00eancia. Al\u00e9m de considerar a necessidade de m\u00e3o de obra para [&hellip;]<\/p>\n","protected":false},"author":2,"featured_media":0,"comment_status":"open","ping_status":"open","sticky":false,"template":"","format":"standard","meta":{"_links_to":"","_links_to_target":""},"categories":[23,24],"tags":[],"_links":{"self":[{"href":"https:\/\/www.r2cpress.com.br\/v1\/wp-json\/wp\/v2\/posts\/112398"}],"collection":[{"href":"https:\/\/www.r2cpress.com.br\/v1\/wp-json\/wp\/v2\/posts"}],"about":[{"href":"https:\/\/www.r2cpress.com.br\/v1\/wp-json\/wp\/v2\/types\/post"}],"author":[{"embeddable":true,"href":"https:\/\/www.r2cpress.com.br\/v1\/wp-json\/wp\/v2\/users\/2"}],"replies":[{"embeddable":true,"href":"https:\/\/www.r2cpress.com.br\/v1\/wp-json\/wp\/v2\/comments?post=112398"}],"version-history":[{"count":1,"href":"https:\/\/www.r2cpress.com.br\/v1\/wp-json\/wp\/v2\/posts\/112398\/revisions"}],"predecessor-version":[{"id":112399,"href":"https:\/\/www.r2cpress.com.br\/v1\/wp-json\/wp\/v2\/posts\/112398\/revisions\/112399"}],"wp:attachment":[{"href":"https:\/\/www.r2cpress.com.br\/v1\/wp-json\/wp\/v2\/media?parent=112398"}],"wp:term":[{"taxonomy":"category","embeddable":true,"href":"https:\/\/www.r2cpress.com.br\/v1\/wp-json\/wp\/v2\/categories?post=112398"},{"taxonomy":"post_tag","embeddable":true,"href":"https:\/\/www.r2cpress.com.br\/v1\/wp-json\/wp\/v2\/tags?post=112398"}],"curies":[{"name":"wp","href":"https:\/\/api.w.org\/{rel}","templated":true}]}}