{"id":112614,"date":"2017-12-13T13:13:23","date_gmt":"2017-12-13T16:13:23","guid":{"rendered":"http:\/\/www.r2cpress.com.br\/v1\/?p=112614"},"modified":"2017-12-13T13:13:23","modified_gmt":"2017-12-13T16:13:23","slug":"comandante-da-68a-cipm-e-homenageado-pela-marinha","status":"publish","type":"post","link":"https:\/\/www.r2cpress.com.br\/v1\/2017\/12\/13\/comandante-da-68a-cipm-e-homenageado-pela-marinha\/","title":{"rendered":"COMANDANTE DA 68\u00aa CIPM \u00c9 HOMENAGEADO PELA MARINHA"},"content":{"rendered":"<div dir=\"auto\"><img loading=\"lazy\" class=\"\" src=\"https:\/\/attachment.outlook.office.net\/owa\/r2cpress@outlook.com\/service.svc\/s\/GetAttachmentThumbnail?id=AQMkADAwATM3ZmYAZS0wZWE3LWQ2YzctMDACLTAwCgBGAAADOzAU0zxiy0KFOXFoo3t%2B4wcAU%2FgWqg3HtUu%2F54fFdrTpXgAAAgEMAAAAU%2FgWqg3HtUu%2F54fFdrTpXgAAAAU6QuMAAAABEgAQAL%2FkyVQwcApBk5Yv2x%2BBHs0%3D&amp;thumbnailType=2&amp;X-OWA-CANARY=_rufvwfpj0egVML0lqRw8KDG8QxEQtUYBgEUpAgRwrh3I-t5PjfnK13WiUDr8FcsUEQ55PTWmPU.&amp;token=eyJ0eXAiOiJKV1QiLCJhbGciOiJSUzI1NiIsIng1dCI6ImVuaDlCSnJWUFU1aWpWMXFqWmpWLWZMMmJjbyJ9.eyJ2ZXIiOiJFeGNoYW5nZS5DYWxsYmFjay5WMSIsImFwcGN0eHNlbmRlciI6Ik93YURvd25sb2FkQDg0ZGY5ZTdmLWU5ZjYtNDBhZi1iNDM1LWFhYWFhYWFhYWFhYSIsImFwcGN0eCI6IntcIm1zZXhjaHByb3RcIjpcIm93YVwiLFwicHJpbWFyeXNpZFwiOlwiUy0xLTI4MjctMjI5Mzc0LTI0NTg4MDUxOVwiLFwicHVpZFwiOlwiOTg1MTU0MDc0NDMzMjIzXCIsXCJvaWRcIjpcIjAwMDM3ZmZlLTBlYTctZDZjNy0wMDAwLTAwMDAwMDAwMDAwMFwiLFwic2NvcGVcIjpcIk93YURvd25sb2FkXCJ9IiwiaXNzIjoiMDAwMDAwMDItMDAwMC0wZmYxLWNlMDAtMDAwMDAwMDAwMDAwQDg0ZGY5ZTdmLWU5ZjYtNDBhZi1iNDM1LWFhYWFhYWFhYWFhYSIsImF1ZCI6IjAwMDAwMDAyLTAwMDAtMGZmMS1jZTAwLTAwMDAwMDAwMDAwMC9hdHRhY2htZW50Lm91dGxvb2sub2ZmaWNlLm5ldEA4NGRmOWU3Zi1lOWY2LTQwYWYtYjQzNS1hYWFhYWFhYWFhYWEiLCJleHAiOjE1MTMxODE5NTEsIm5iZiI6MTUxMzE4MTM1MX0.mdusVg48BMWoMImBKYIRfVV8e72scBfqwKPJMg7sqgcGT_sXsescAXp2uwOPQRApyrQBETEf8cezZfiTibMop8RDibOUmFhoriQ0Oz5ERxllbxhpx9Lz0gqBfy5EasP4ZBbjFJUriHscNzc-mpvU1xjc4vf1z2WUEcUkAApBTxfphe6Ky0wyssifykEeGA6JLoHjgbb6y7KDgd9VfzbEH61AjVfsPUdoQmA06ZaEX_RYfJ3X0ssMtiK_xp10LhlGtrO-BJQfVCAmvc2I2H7SxejJPsZ2XUHWdbiHR218EHt7QP-TPrUD78dUIoupy-1BsasvGRhnbP0d0JZAwGfD1A&amp;owa=outlook.live.com&amp;isc=1\" width=\"337\" height=\"337\" \/><\/div>\n<div dir=\"auto\">Na manh\u00e3 desta quarta-feira (13), ocorreu na Delegacia da Capitania dos Portos em Ilh\u00e9us uma cerim\u00f4nia alusiva ao dia do Marinheiro. Na oportunidade, algumas autoridades civis e militares da cidade foram homenageadas pelo Vice-Almirante Almir *Garnier* Santos, Comandante do 2\u00b0 Distrito Naval, com sede em Salvador. A condecora\u00e7\u00e3o desta honraria foi entregue pelo Capit\u00e3o de Corveta *Uanderson* Simonin Lauriano, Delegado da Capitania dos Portos em Ilh\u00e9us.<\/div>\n<div dir=\"auto\">O Comandante da 68\u00aa CIPM, *Maj PM Robson Farias da Silva*, foi uma das personalidades distinguidas com o t\u00edtulo e medalha de *\u201dAmigo da Marinha\u201d* em reconhecimento \u00e0 sua contribui\u00e7\u00e3o na dissemina\u00e7\u00e3o da mentalidade mar\u00edtima em Ilh\u00e9us.<\/div>\n<div dir=\"auto\">\u00a0\u00a0\u00a0\u00a0 Nosso Comandante declarou que se sente honrado com tal homenagem, agradecendo a todos que se fizeram presente na cerim\u00f4nia e que contribu\u00edram para a realiza\u00e7\u00e3o do mesmo, disse ainda: \u201cEssa medalha \u00e9 s\u00edmbolo de um trabalho realizado n\u00e3o s\u00f3 por mim, mas por todos os PMs da 68\u00aa CIPM, que a cada dia se esfor\u00e7am para prestar um servi\u00e7o de qualidade a nossa comunidade, reduzindo os \u00edndices de criminalidade e proporcionando paz social\u201d.<\/p>\n<\/div>\n<div dir=\"auto\">#68cipm<\/div>\n<div dir=\"auto\">#OServi\u00e7oN\u00e3oPara<\/div>\n<div dir=\"auto\">#PMeComunidadenacorrentedobem<\/p>\n<\/div>\n<div dir=\"auto\">&#x1f4de;Zap Den\u00fancia: 99944-8374<\/div>\n<div dir=\"auto\">&#x1f4de; Central 24h: 99944-8374<\/div>\n<div dir=\"auto\">Insta: @68cipm<\/div>\n<div dir=\"auto\">Face: 68 CIPM Ilh\u00e9us\/Centro<\/div>\n<div dir=\"auto\">\u00a0\u00a0\u00a0\u00a0\u00a0\u00a0\u00a0\u00a0\u00a0\u00a0\u00a0 &#x1f44a;&#x1f3fc; 68\u00aa CIPM\u00a0 &#x1f44a;&#x1f3fc;<\/div>\n","protected":false},"excerpt":{"rendered":"<p>Na manh\u00e3 desta quarta-feira (13), ocorreu na Delegacia da Capitania dos Portos em Ilh\u00e9us uma cerim\u00f4nia alusiva ao dia do Marinheiro. Na oportunidade, algumas autoridades civis e militares da cidade foram homenageadas pelo Vice-Almirante Almir *Garnier* Santos, Comandante do 2\u00b0 Distrito Naval, com sede em Salvador. A condecora\u00e7\u00e3o desta honraria foi entregue pelo Capit\u00e3o de [&hellip;]<\/p>\n","protected":false},"author":2,"featured_media":0,"comment_status":"open","ping_status":"open","sticky":false,"template":"","format":"standard","meta":{"_links_to":"","_links_to_target":""},"categories":[1],"tags":[],"_links":{"self":[{"href":"https:\/\/www.r2cpress.com.br\/v1\/wp-json\/wp\/v2\/posts\/112614"}],"collection":[{"href":"https:\/\/www.r2cpress.com.br\/v1\/wp-json\/wp\/v2\/posts"}],"about":[{"href":"https:\/\/www.r2cpress.com.br\/v1\/wp-json\/wp\/v2\/types\/post"}],"author":[{"embeddable":true,"href":"https:\/\/www.r2cpress.com.br\/v1\/wp-json\/wp\/v2\/users\/2"}],"replies":[{"embeddable":true,"href":"https:\/\/www.r2cpress.com.br\/v1\/wp-json\/wp\/v2\/comments?post=112614"}],"version-history":[{"count":2,"href":"https:\/\/www.r2cpress.com.br\/v1\/wp-json\/wp\/v2\/posts\/112614\/revisions"}],"predecessor-version":[{"id":112616,"href":"https:\/\/www.r2cpress.com.br\/v1\/wp-json\/wp\/v2\/posts\/112614\/revisions\/112616"}],"wp:attachment":[{"href":"https:\/\/www.r2cpress.com.br\/v1\/wp-json\/wp\/v2\/media?parent=112614"}],"wp:term":[{"taxonomy":"category","embeddable":true,"href":"https:\/\/www.r2cpress.com.br\/v1\/wp-json\/wp\/v2\/categories?post=112614"},{"taxonomy":"post_tag","embeddable":true,"href":"https:\/\/www.r2cpress.com.br\/v1\/wp-json\/wp\/v2\/tags?post=112614"}],"curies":[{"name":"wp","href":"https:\/\/api.w.org\/{rel}","templated":true}]}}