{"id":11307,"date":"2011-03-23T19:18:02","date_gmt":"2011-03-23T22:18:02","guid":{"rendered":"http:\/\/www.r2cpress.com.br\/v1\/?p=11307"},"modified":"2011-03-23T19:18:02","modified_gmt":"2011-03-23T22:18:02","slug":"brasilidade-a-baiana","status":"publish","type":"post","link":"https:\/\/www.r2cpress.com.br\/v1\/2011\/03\/23\/brasilidade-a-baiana\/","title":{"rendered":"Brasilidade \u00e0 baiana"},"content":{"rendered":"<p><center><strong>Margareth Menezes pede mais aten\u00e7\u00e3o \u00e0s ra\u00edzes do povo<\/strong><\/center><\/p>\n<p><div id=\"attachment_11308\" style=\"width: 209px\" class=\"wp-caption alignleft\"><a href=\"http:\/\/www.r2cpress.com.br\/v1\/wp-content\/uploads\/Margareth-Menezes-6-foto-por-Est\u00fadio-Gato-Louco.jpg\"><img aria-describedby=\"caption-attachment-11308\" loading=\"lazy\" src=\"http:\/\/www.r2cpress.com.br\/v1\/wp-content\/uploads\/Margareth-Menezes-6-foto-por-Est\u00fadio-Gato-Louco-199x300.jpg\" alt=\"\" title=\"Margareth Menezes 6 - foto por Est\u00fadio Gato Louco\" width=\"199\" height=\"300\" class=\"size-medium wp-image-11308\" srcset=\"https:\/\/www.r2cpress.com.br\/v1\/wp-content\/uploads\/Margareth-Menezes-6-foto-por-Est\u00fadio-Gato-Louco-199x300.jpg 199w, https:\/\/www.r2cpress.com.br\/v1\/wp-content\/uploads\/Margareth-Menezes-6-foto-por-Est\u00fadio-Gato-Louco.jpg 395w\" sizes=\"(max-width: 199px) 100vw, 199px\" \/><\/a><p id=\"caption-attachment-11308\" class=\"wp-caption-text\">Margareth Menezes  - Foto: Est\u00fadio Gato Louco<\/p><\/div>Uma exist\u00eancia significativa, transformadora e comprometida com a arte, assim se pode resumir a trajet\u00f3ria de Margareth Menezes. A atriz, cantora e compositora baiana n\u00e3o se deixa iludir pelo sucesso, fruto de mais de duas d\u00e9cadas de carreira, com 13 CDs\/LPs, tr\u00eas DVDs e 21 turn\u00eas internacionais, nas quais projetou seu nome no cen\u00e1rio mundial, a ponto de ter sido reverenciada como \u201cdeusa\u201d pelo jornal franc\u00eas <i>Le Monde<\/i> e ser chamada pelo <i>Los Angeles Times<\/i> de \u201cAretha Franklin brasileira\u201d.<\/p>\n<p>Maga, como tamb\u00e9m \u00e9 conhecida, faz da simplicidade o seu ponto de equil\u00edbrio: \u201cPrefiro ser uma pessoa p\u00e9 no ch\u00e3o. Quero acertar muito mais como Ser Humano\u201d. E costuma refletir no que realmente deve ser priorit\u00e1rio: \u201cDe que forma est\u00e1 a minha rela\u00e7\u00e3o com a vida, a minha rela\u00e7\u00e3o com Deus?\u201d.<\/p>\n<p>A coer\u00eancia com seus princ\u00edpios explica muitas escolhas, inclusive o fato de manter-se fiel \u00e0s pr\u00f3prias ra\u00edzes. Nascida e criada na Cidade Baixa de Salvador\/BA, a artista diz que h\u00e1 bastantes motivos para n\u00e3o se afastar da terra natal e de sua gente. A fam\u00edlia mora ainda por l\u00e1, incluindo a m\u00e3e, dona Diva. Com sentimento de gratid\u00e3o pelo que recebeu,<br \/>\nMargareth escolheu o bairro da Ribeira tamb\u00e9m para instalar o projeto social F\u00e1brica Cultural, criado por ela h\u00e1 dois anos para promover a inclus\u00e3o de jovens em situa\u00e7\u00e3o de vulnerabilidade.<\/p>\n<p><!--more--><\/p>\n<p>Desde o in\u00edcio de sua trajet\u00f3ria, interpretando samba-reggae, depois o ritmo da ax\u00e9music, at\u00e9 mesclar a percuss\u00e3o baiana com batida eletr\u00f4nica, a m\u00fasica pop e rom\u00e2ntica, a artista continua (re)vi\u00acsi\u00actando todas essas refer\u00eancias. E essa musicalidade est\u00e1 bem viva em seu rec\u00e9m-lan\u00e7ado DVD Naturalmente ac\u00fastico.<\/p>\n<p>No fim de setembro, Margareth emprestou sua imagem para uma causa solid\u00e1ria, ao participar da sess\u00e3o de fotos e grava\u00e7\u00e3o do v\u00eddeo institucional da Campanha Natal Permanente da LBV \u2014 Jesus, o P\u00e3o Nosso de cada dia!. Essa tradicional a\u00e7\u00e3o da Legi\u00e3o da Boa Vontade busca oferecer um Natal mais feliz, digno e sem fome a milhares de fam\u00edlias de baixa renda, que ao longo do ano tamb\u00e9m s\u00e3o beneficiadas pelos programas da Legi\u00e3o da Boa Vontade. As fotos e filmagens foram feitas no Centro Comunit\u00e1rio de Assist\u00eancia Social da Institui\u00e7\u00e3o na capital baiana, onde a cantora concedeu entrevista \u00e0 BOA VONTADE.<\/p>\n<p><strong>BOA VONTADE \u2014 N\u00f3s, da LBV, nos sentimos felizes em contar com voc\u00ea nesta campanha solid\u00e1ria&#8230;<br \/>\nMargareth Menezes \u2014<\/strong> Obrigada, o [meu] carinho tamb\u00e9m. Para mim, \u00e9 um prazer. A obriga\u00e7\u00e3o de qualquer profissional \u00e9 buscar fazer o seu melhor.<\/p>\n<p><strong>BV \u2014 O que tem a Bahia que tanto inspira o Brasil?<br \/>\nMargareth \u2014 <\/strong>A quest\u00e3o hist\u00f3rica, a descoberta do Brasil, v\u00e1rias coisas aconteceram aqui, os primeiros movimentos, al\u00e9m da quest\u00e3o da mistura, da cultura. \u00c9 um povo formado por muitos elementos, e isso tem a ver com o pr\u00f3prio processo do pa\u00eds, da gente como um todo. O nosso pa\u00eds \u00e9 formado por v\u00e1rias culturas, isso d\u00e1 um diferencial. E a Bahia tem participa\u00e7\u00e3o muito forte dentro desse conceito de brasilidade.<\/p>\n<p><strong>BV \u2014 O movimento Afropop Brasileiro, projeto que comanda h\u00e1 cinco anos, leva tamb\u00e9m essa mensagem?<br \/>\nMargareth \u2014 <\/strong>Mostra a forma\u00e7\u00e3o social e cultural da Bahia, do Brasil, justamente por essas influ\u00eancias todas, principalmente pelo legado forte dos africanos, povo que foi trazido e que colaborou de maneira efetiva para o desenvolvimento do pa\u00eds. Essa \u00e9 uma luta pelo reconhecimento, para proporcionar oportunidades \u00e0s pessoas de se desenvolverem mais e ter acesso a todas as coisas que uma sociedade pode oferecer; ainda mais em uma na\u00e7\u00e3o como a nossa, que precisa se qualificar para poder tomar parte deste momento novo de desenvolvimento. Hoje vemos milhares de vagas de trabalho sem pessoas preparadas para assumir, e isso \u00e9 uma controv\u00e9rsia t\u00e3o grande para um pa\u00eds que tem tanta necessidade, pessoas na mis\u00e9ria. Ent\u00e3o, trazem gente de fora para assumir cargos que, na verdade, pertencem aos brasileiros&#8230; Isso \u00e9 o que comp\u00f5e o discurso do movimento Afropop, n\u00e3o \u00e9 a quest\u00e3o pol\u00edtica, mas de consci\u00eancia humana.<\/p>\n<p><strong>BV \u2014 Na sua opini\u00e3o, os brasileiros desconhecem a pr\u00f3pria hist\u00f3ria?<br \/>\nMargareth \u2014<\/strong> Desde a descoberta do Brasil, dessa [regi\u00e3o] conhecida antes de alguma forma, pois havia registros dessas terras anteriormente \u00e0 pr\u00f3pria pseudodescoberta; do pau-brasil chegando \u00e0 Europa, \u00e0 It\u00e1lia&#8230; Existem elementos ainda guardados, ent\u00e3o, se formos ver bem, n\u00e3o se conhece a nossa hist\u00f3ria real; alimentamos algo em fun\u00e7\u00e3o de determinadas situa\u00e7\u00f5es que a sociedade programou, da chegada do portugu\u00eas&#8230; mas h\u00e1 o conhecimento da cultura ind\u00edgena, coisas que \u00e0s vezes a floresta tem de t\u00e3o positivo para a vida, e a gente atropelou o povo que j\u00e1 estava aqui. Depois, vem o africano com os seus conhecimentos naturais e colabora\u00e7\u00e3o. Tudo isso precisa ser resgatado e reconhecido para verdadeiramente termos um pa\u00eds mais real.<\/p>\n<p><strong>BV \u2014 Da inf\u00e2ncia, a fam\u00edlia, o que mais valoriza?<br \/>\nMargareth \u2014 <\/strong>A fam\u00edlia da minha m\u00e3e \u00e9 de pescadores, pessoal que veio de Ilha de Mar\u00e9 [pr\u00f3ximo a Salvador]; meu av\u00f4 trabalhava na veda\u00e7\u00e3o de saveiros, \u00e9 uma fam\u00edlia de marisqueiros. Da parte do meu pai, Ant\u00f4nio Cardoso, era o pessoal que cultivava a terra; a minha av\u00f3 era roceira mesmo de plantar, meu av\u00f4 tamb\u00e9m. Venho dessa coisa bem simples mesmo, e a\u00ed essas duas fam\u00edlias se uniram pelo casamento na Pen\u00ednsula Itapagipana, aqui na Ribeira. A minha inf\u00e2ncia \u00e9 muito parecida com a dessas crian\u00e7as que est\u00e3o tendo acesso \u00e0s coisas na LBV. Meu universo era muito gostoso, pobre, mas ao mesmo tempo rico; eu ficava encantada, at\u00e9 hoje sou muito encantada com o mar.<\/p>\n<p><strong>BV \u2014 Voc\u00ea se apresentou em Durban e Johannesburgo, na \u00c1frica do Sul. Qual o sentimento de participar como uma das atra\u00e7\u00f5es da primeira Copa do Mundo no continente africano, ocorrida em 2010?<br \/>\nMargareth \u2014 <\/strong>Foi relevante pela hist\u00f3ria que a \u00c1frica do Sul tem para contar ao mundo, principalmente em rela\u00e7\u00e3o ao Nelson Mandela, algo meio m\u00e1gico. Ele, assim como o Mahatma Gandhi, \u00e9 uma criatura especial. Um Ser Humano mobilizando a na\u00e7\u00e3o, o continente e o mundo em fun\u00e7\u00e3o da necessidade de justi\u00e7a. Tenho uma admira\u00e7\u00e3o grande por Nelson Mandela, por ter conseguido transformar a sociedade sul-africana, e a Copa veio consumar uma mudan\u00e7a, mostrando como \u00e9 essa realidade a pessoas de todo o planeta. Para mim, foi importante poder ter ido l\u00e1, em Angola tamb\u00e9m, ver o que podemos aprender de novo.<\/p>\n<p><strong>BV \u2014 Contralto, voz forte, presen\u00e7a marcante e interpreta\u00e7\u00e3o segura&#8230; tudo isso encantou o p\u00fablico em turn\u00eas na Europa e nos Estados Unidos. J\u00e1 se acostumou aos elogios?<br \/>\nMargareth \u2014<\/strong> Isso s\u00e3o boas refer\u00eancias, termos comparativos relevantes, mas o melhor \u00e9 ter consci\u00eancia profissional, o cuidado para n\u00e3o achar que \u00e9 muita coisa, pois n\u00e3o \u00e9 bem por a\u00ed; prefiro ser uma pessoa p\u00e9 no ch\u00e3o. Quero acertar muito mais como Ser Humano. De que forma est\u00e1 a minha rela\u00e7\u00e3o com a vida, a minha rela\u00e7\u00e3o com Deus? Isso \u00e9 o importante. Tenho buscado fazer transforma\u00e7\u00f5es profundas na minha vida, em fun\u00e7\u00e3o de uma compreens\u00e3o desse poder. Na quest\u00e3o profissional, procuro dar o meu melhor mesmo, pelo respeito \u00e0s pessoas que v\u00e3o ao show. A gente vive num pa\u00eds de muitos artistas e para voc\u00ea conseguir marcar tem de possuir um diferencial, portanto, aceito com carinho essas coisas. Sei, por\u00e9m, que \u00e9 o dia a dia que diz o que somos, qual a for\u00e7a que possu\u00edmos para vencer as dificuldades, procurar ter mais calma com as coisas. \u00c0s vezes a gente n\u00e3o sabe ouvir aquele que n\u00e3o est\u00e1 dizendo o que se deseja ouvir; \u00e9 dif\u00edcil. Voc\u00ea corre o risco de estar cercado de pessoas que est\u00e3o ali mais te babando do que dando uma palavra real da situa\u00e7\u00e3o. \u00c9 muito importante ter amigos de verdade, que voc\u00ea sabe que pode chorar com eles. <\/p>\n<p><strong>BV \u2014 Para voc\u00ea, esse amadurecimento veio mais cedo, com a experi\u00eancia de se descobrir como artista ainda muito jovem?<br \/>\nMargareth \u2014 <\/strong>Na verdade, sim. Engra\u00e7ado, nunca tive a ambi\u00e7\u00e3o, mas possu\u00eda essa coisa de gostar de m\u00fasica, de viol\u00e3o. Foi algo natural, porque o meu av\u00f4 tocava viol\u00e3o, morava num bairro no qual muita gente fazia m\u00fasica, serenata. Minha m\u00e3e me ensinou a cantar o samba de roda, e era tudo bastante festivo; meus tios tamb\u00e9m, por parte de pai, gostavam de cantar. O meu tio Florisvaldo contava hist\u00f3rias, outros faziam [truques de] m\u00e1gica. Aos 15 anos a minha m\u00e3e presenteou-me com um viol\u00e3o, fiz teatro na escola, e isso foi me aproximando, at\u00e9 que cheguei ao teatro amador, e todos os personagens que eu fazia sempre cantavam. Comecei, ent\u00e3o, a cantar na noite, trabalhei com teatro e m\u00fasica at\u00e9 1995; depois, foi s\u00f3 m\u00fasica. Sempre que o pessoal me pergunta: \u201cAh, quando come\u00e7a o carnaval?\u201d. Eu falo: o carnaval para mim faz parte da minha din\u00e2mica profissional, a minha forma\u00e7\u00e3o \u00e9 o palco, que tem mais espa\u00e7o. No trio el\u00e9trico voc\u00ea precisa fazer aquele exerc\u00edcio da voz de comando da massa&#8230; nele conduzo o p\u00fablico evitando algumas coisas, alguns tipos de m\u00fasica, porque tudo \u00e9 vibra\u00e7\u00e3o, \u00e9 energia. O show que fa\u00e7o qualquer pessoa pode assistir, crian\u00e7a ou velho, n\u00e3o dou lugar para baixaria, canto m\u00fasica simples, que fala de Amor, de Natureza. Gosto de me comunicar com leveza, o ambiente de trabalho da minha banda \u00e9 muito saud\u00e1vel. Tudo isso a gente come\u00e7a a cultivar, \u00e9 maturidade, mas tamb\u00e9m \u00e9 querer viver melhor.<\/p>\n<p><strong>BV \u2014 Mesmo com o sucesso, n\u00e3o se afastou da Cidade Baixa&#8230;<br \/>\nMargareth <\/strong>\u2014 Minha m\u00e3e, tios, parentes, o pessoal todo mora por aqui. Tenho a ONG F\u00e1brica Cultural, que est\u00e1 come\u00e7ando, s\u00e3o 4 anos ainda, mas j\u00e1 com movimentos importantes. Sempre quis fazer alguma coisa, porque sentia essa efervesc\u00eancia que a juventude tem \u2014 muito jovem, muita cultura, muita hist\u00f3ria, e pouca oportunidade para o pessoal se expressar.<\/p>\n<p><strong>Diva brasileira<\/strong><br \/>\nMargareth Menezes lembra que, ainda menina, circulava pelos palcos de teatro da Ribeira. Segundo a cantora, o ato de representar foi tamb\u00e9m um dos caminhos que a conduziram \u00e0 m\u00fasica, pois todos os personagens que fazia sempre cantavam. Logo descobriu a grande voca\u00e7\u00e3o e, em 1990, a voz forte de contralto impressionou o famoso m\u00fasico e compositor escoc\u00eas David Byrne, de quem Maga recebeu o convite para participar de uma turn\u00ea mundial do Talking Heads, grupo do qual ele foi l\u00edder. Margareth abriu mais de 50 shows da banda pelos Estados Unidos e Europa. Gra\u00e7as \u00e0 repercuss\u00e3o desse trabalho, o \u00e1lbum que trazia Elegib\u00f4 \u2014 Um canto de If\u00e1, lan\u00e7ado no mercado norte-americano, permaneceu 11 semanas na lista de sucessos da revista <i>Billboard,<\/i> na categoria <i>world music<\/i>.<\/p>\n<p>Com o nome em evid\u00eancia no exterior, n\u00e3o demorou at\u00e9 que a m\u00fasica de Maga estourasse nas r\u00e1dios do Brasil, o que ocorreu em 2002, com o <i>single Dandalunda<\/i>, can\u00e7\u00e3o composta por Carlinhos Brown. Foi ent\u00e3o que a cantora se firmou como uma das mais belas vozes femininas da m\u00fasica brasileira.<\/p>\n<p><strong>Alegria e descontra\u00e7\u00e3o<\/strong><br \/>\nDurante a visita \u00e0 Legi\u00e3o da Boa Vontade, a cantora Margareth Menezes foi recebida por meninas e meninos atendidos pelo programa <i>LBV \u2014 Crian\u00e7a: Futuro no Presente!<\/i>.A garotada conduziu a artista em um passeio pela unidade socioeducacional, onde ela p\u00f4de conhecer as a\u00e7\u00f5es ali desenvolvidas. \u201cFoi muito bacana estar aqui com as crian\u00e7as. Voc\u00ea v\u00ea o envolvimento delas, sua alegria espont\u00e2nea. A espontaneidade da crian\u00e7a \u00e9 um sinal do que est\u00e1 recebendo, ela retorna de uma maneira muito verdadeira. Eu vi as crian\u00e7as felizes, cantando, se expressando, se comunicando. Elas cantaram para mim. Voc\u00ea sente que est\u00e3o gostando e sendo bem tratadas. Eu vi isso, uma rela\u00e7\u00e3o de Amor, de cuidado. Gostei muito\u201d, declarou.<\/p>\n<p><strong>Margareth Menezes por ela mesma<\/strong><\/p>\n<p><i>Um defeito<\/i><br \/>\nSou um pouco teimosa.<\/p>\n<p><i>Um \u00eddolo<\/i><br \/>\nTenho admira\u00e7\u00e3o por muitos artistas, mas vejo a hist\u00f3ria do Gilberto Gil como um referencial. N\u00e3o chega a ser \u00eddolo, n\u00e3o! \u00cddolo \u00e9 uma coisa muito forte, mas \u00e9 um cara por quem tenho grande respeito, admira\u00e7\u00e3o.<\/p>\n<p><i>Um livro: <\/i><br \/>\nTantos livros&#8230; Eu vou dizer um escritor, porque acho que me preenche em v\u00e1rios momentos. \u00c9 o Gabriel Garc\u00eda M\u00e1rquez.<\/p>\n<p><i>Boa Vontade&#8230; <\/i><br \/>\n\u00c9 voc\u00ea ter disposi\u00e7\u00e3o de fazer as coisas, fazer o Bem sem olhar a quem, Boa Vontade.<\/p>\n<p><i>Um sonho: <\/i><br \/>\nVer o mundo melhor, principalmente para as crian\u00e7as do Brasil; a inf\u00e2ncia ser mais respeitada.<\/p>\n<p><i>Que exemplo gostaria de deixar?<br \/>\nDe uma pessoa que acredita na vida, positividade, um exemplo bom&#8230; Apesar de tanto n\u00e3o, tanta dor que nos invade, somos n\u00f3s a alegria da cidade. <\/i><\/p>\n<p><strong>Reprodu\u00e7\u00e3o revista Boa Vontade, edi\u00e7\u00e3o n\u00ba 228, p\u00e1gs. de 28 a 33.<\/strong><\/p>\n<p>_______________<\/p>\n<p>Visite. Apaixone-se. Ajude a LBV!<br \/>\nCentro Comunit\u00e1rio de Assist\u00eancia Social da LBV \u2014 Salvador\/BA<br \/>\nRua Porto dos Mastros, 19, bairro Ribeira.<br \/>\nTel.: (71) 3312-0555<\/p>\n<p>Centro Comunit\u00e1rio de Assist\u00eancia Social da LBV \u2014 Itabuna\/BA<br \/>\nRua Gileno Amado, 135, bairro Caixa D\u00b4\u00c1gua.<br \/>\nTel.: (73) 3212-6242<\/p>\n","protected":false},"excerpt":{"rendered":"<p>Margareth Menezes pede mais aten\u00e7\u00e3o \u00e0s ra\u00edzes do povo Uma exist\u00eancia significativa, transformadora e comprometida com a arte, assim se pode resumir a trajet\u00f3ria de Margareth Menezes. A atriz, cantora e compositora baiana n\u00e3o se deixa iludir pelo sucesso, fruto de mais de duas d\u00e9cadas de carreira, com 13 CDs\/LPs, tr\u00eas DVDs e 21 turn\u00eas [&hellip;]<\/p>\n","protected":false},"author":2,"featured_media":0,"comment_status":"open","ping_status":"open","sticky":false,"template":"","format":"standard","meta":{"_links_to":"","_links_to_target":""},"categories":[28],"tags":[],"_links":{"self":[{"href":"https:\/\/www.r2cpress.com.br\/v1\/wp-json\/wp\/v2\/posts\/11307"}],"collection":[{"href":"https:\/\/www.r2cpress.com.br\/v1\/wp-json\/wp\/v2\/posts"}],"about":[{"href":"https:\/\/www.r2cpress.com.br\/v1\/wp-json\/wp\/v2\/types\/post"}],"author":[{"embeddable":true,"href":"https:\/\/www.r2cpress.com.br\/v1\/wp-json\/wp\/v2\/users\/2"}],"replies":[{"embeddable":true,"href":"https:\/\/www.r2cpress.com.br\/v1\/wp-json\/wp\/v2\/comments?post=11307"}],"version-history":[{"count":10,"href":"https:\/\/www.r2cpress.com.br\/v1\/wp-json\/wp\/v2\/posts\/11307\/revisions"}],"predecessor-version":[{"id":11320,"href":"https:\/\/www.r2cpress.com.br\/v1\/wp-json\/wp\/v2\/posts\/11307\/revisions\/11320"}],"wp:attachment":[{"href":"https:\/\/www.r2cpress.com.br\/v1\/wp-json\/wp\/v2\/media?parent=11307"}],"wp:term":[{"taxonomy":"category","embeddable":true,"href":"https:\/\/www.r2cpress.com.br\/v1\/wp-json\/wp\/v2\/categories?post=11307"},{"taxonomy":"post_tag","embeddable":true,"href":"https:\/\/www.r2cpress.com.br\/v1\/wp-json\/wp\/v2\/tags?post=11307"}],"curies":[{"name":"wp","href":"https:\/\/api.w.org\/{rel}","templated":true}]}}