{"id":114691,"date":"2018-03-22T17:02:05","date_gmt":"2018-03-22T20:02:05","guid":{"rendered":"http:\/\/www.r2cpress.com.br\/v1\/?p=114691"},"modified":"2018-03-22T17:02:05","modified_gmt":"2018-03-22T20:02:05","slug":"cidadaos-ilheenses-e-itabunenses-poderao-opinar-acerca-do-orcamento-da-defensoria-publica","status":"publish","type":"post","link":"https:\/\/www.r2cpress.com.br\/v1\/2018\/03\/22\/cidadaos-ilheenses-e-itabunenses-poderao-opinar-acerca-do-orcamento-da-defensoria-publica\/","title":{"rendered":"Cidad\u00e3os ilheenses e itabunenses poder\u00e3o opinar acerca do or\u00e7amento da Defensoria P\u00fablica"},"content":{"rendered":"<div id=\"app\">\n<div class=\"ms-Fabric _3lF5U3GMKMxQoznYgOp5Wi css-36\">\n<div class=\"_1S5p8q98A6d7yV2lmVg5Jd\">\n<div class=\"lVn_xH_rzDQ3UE5693n8v\">\n<div class=\"FBxcz29VZtL_o3nBgR-6C\">\n<div class=\"_16wVU8HPi0z-uZAUi02EDp\">\n<div class=\"_16wVU8HPi0z-uZAUi02EDp\">\n<div class=\"_2jbgJO68S3VqEsTNqEewbX _1GfRvxwCBnKrkxXLYyCsv _39Gmo232LUu0CzDjOeL2y_\">\n<div class=\"_120K-xAx0q-SpraB2IAdv6\">\n<div class=\"owaSxS\">\n<div class=\"owaSxSRightPane\" data-min-width=\"358\">\n<div class=\"_1TijfWM91vpnZu3e6eb4kC _1nU9iVl34R_K4m3bZGrA1n\">\n<div class=\"_2TBceH-9OcS7AWZ9hPV_GM filB6jzd0Iq8Qd3Ic1LuV\" tabindex=\"0\">\n<div class=\"_3JoonFAezX8W6ycpPQP83Q\">\n<div class=\"_3RG9gqqF2MWjBG_eQJYizv customScrollBar _1nU9iVl34R_K4m3bZGrA1n\">\n<div>\n<div class=\"w4ZM9R8vSnboxBfAccGW6\">\n<div class=\"wide-content-host\">\n<div class=\"_16dtJIYKG_Uif2wRwwJLnz\" tabindex=\"-1\">\n<div class=\"_2CUjGw1qC2gznXABgnymoj allowTextSelection\">\n<div class=\"rps_2f24\">\n<div dir=\"ltr\">\n<p align=\"center\"><i>Objetivo das Confer\u00eancias P\u00fablicas \u00e9 definir as \u00e1reas priorit\u00e1rias de investimento do or\u00e7amento da Institui\u00e7\u00e3o<\/i><\/p>\n<p>O ano de 2018 est\u00e1 no terceiro m\u00eas e a Defensoria P\u00fablica do Estado da Bahia \u2013 DPE\/BA j\u00e1 come\u00e7a a planejar seu or\u00e7amento para 2019. Quais as prioridades? Em quais \u00e1reas investir mais? \u00c9 para ouvir o cidad\u00e3o baiano sobre quais demandas a Defensoria deve priorizar que acontecer\u00e3o no dia 3 de abril (ter\u00e7a-feira), em Ilh\u00e9us e Itabuna, as Confer\u00eancias P\u00fablicas sobre o Or\u00e7amento Participativo 2019 da Institui\u00e7\u00e3o. Em Ilh\u00e9us, o encontro ser\u00e1 realizado \u00e0s 8h30, no Instituto Municipal de Ensino Eus\u00ednio Lavigne \u2013 Avenida Canavieiras, S\/N, Teres\u00f3polis. J\u00e1 em Itabuna, o evento est\u00e1 marcado para \u00e0s 14h, na 4\u00aa Defensoria P\u00fablica Regional de Itabuna, Avenida Na\u00e7\u00f5es Unidas, n\u00ba 732, Centro.<\/p>\n<p>At\u00e9 o final m\u00eas de maio, as confer\u00eancias dever\u00e3o abranger todas as comarcas onde a DPE\/BA est\u00e1 presente. \u201cO or\u00e7amento participativo \u00e9 um instrumento importante e democr\u00e1tico constru\u00eddo de forma coletiva entre a Defensoria e a sociedade. S\u00e3o v\u00e1rias m\u00e3os trabalhando para definir as nossas prioridades. Convidamos os cidad\u00e3os de toda a Bahia, que s\u00e3o a raz\u00e3o de ser da Defensoria. N\u00e3o precisa inscri\u00e7\u00e3o pr\u00e9via, \u00e9 s\u00f3 comparecer\u201d, convidou o defensor p\u00fablico geral, Cl\u00e9riston Cavalcante de Mac\u00eado.<\/p>\n<p><strong>Como funciona<\/strong><\/p>\n<p>Desde 2015, a Defensoria P\u00fablica vem realizando as Confer\u00eancias P\u00fablicas do Or\u00e7amento Participativo. Cada cidad\u00e3o ou representante de organiza\u00e7\u00f5es da sociedade civil e movimentos populares pode opinar, em um question\u00e1rio, sobre quais \u00e1reas de atua\u00e7\u00e3o dever\u00e3o ser intensificadas pela Defensoria no ano seguinte.<\/p>\n<p>Para sele\u00e7\u00e3o, o documento traz temas importantes na amplia\u00e7\u00e3o \u00e0 garantia de direitos \u00e0 popula\u00e7\u00e3o: intensifica\u00e7\u00e3o na \u00e1rea de educa\u00e7\u00e3o em direitos; atua\u00e7\u00e3o no sistema de prote\u00e7\u00e3o da dignidade das pessoas envolvidas na rela\u00e7\u00e3o familiar; fortalecimento da oferta de servi\u00e7os ligados a grupos vulner\u00e1veis; atua\u00e7\u00e3o em sistemas de prote\u00e7\u00e3o como os das mulheres em situa\u00e7\u00e3o de viol\u00eancia, das crian\u00e7as e adolescentes e dos idosos.<\/p>\n<p>Traz tamb\u00e9m quest\u00f5es como atua\u00e7\u00e3o nas causas que envolvem conflitos de terra e direito \u00e0 moradia; direitos dos consumidores; sa\u00fade na rede p\u00fablica e privada; defesa do aceso de pessoas com depend\u00eancia qu\u00edmica e seus familiares \u00e0 assist\u00eancia psicossocial; redu\u00e7\u00e3o de conflitos nas unidades prisionais e busca de alternativas \u00e0 pris\u00e3o e defesa dos presos tamb\u00e9m entram na lista de iniciativas priorit\u00e1rias da Institui\u00e7\u00e3o.<\/p>\n<p>Os question\u00e1rios poder\u00e3o ser respondidos e depositados nas urnas espalhadas nas sedes da Defensoria P\u00fablica na capital e no interior do Estado. Pela internet, o formul\u00e1rio estar\u00e1 dispon\u00edvel no site\u00a0<a href=\"http:\/\/www.defensoria.ba.def.br\/\" target=\"_blank\" rel=\"noopener noreferrer\">www.defensoria.ba.def.br<\/a><\/p>\n<p>. O prazo para preenchimento termina no dia 25 de maio de 2018, quando a s\u00e9rie de confer\u00eancias p\u00fablicas ser\u00e1 encerrada, em Salvador.<\/p><\/div>\n<div dir=\"ltr\">\n<p><a href=\"http:\/\/www.r2cpress.com.br\/v1\/wp-content\/uploads\/2018\/03\/CARD.png\"><img loading=\"lazy\" class=\"aligncenter size-full wp-image-114693\" src=\"http:\/\/www.r2cpress.com.br\/v1\/wp-content\/uploads\/2018\/03\/CARD.png\" alt=\"\" width=\"400\" height=\"480\" srcset=\"https:\/\/www.r2cpress.com.br\/v1\/wp-content\/uploads\/2018\/03\/CARD.png 400w, https:\/\/www.r2cpress.com.br\/v1\/wp-content\/uploads\/2018\/03\/CARD-250x300.png 250w\" sizes=\"(max-width: 400px) 100vw, 400px\" \/><\/a><\/p>\n<p><a href=\"http:\/\/www.r2cpress.com.br\/v1\/wp-content\/uploads\/2018\/03\/CARD1.png\"><img loading=\"lazy\" class=\"aligncenter size-full wp-image-114694\" src=\"http:\/\/www.r2cpress.com.br\/v1\/wp-content\/uploads\/2018\/03\/CARD1.png\" alt=\"\" width=\"400\" height=\"480\" srcset=\"https:\/\/www.r2cpress.com.br\/v1\/wp-content\/uploads\/2018\/03\/CARD1.png 400w, https:\/\/www.r2cpress.com.br\/v1\/wp-content\/uploads\/2018\/03\/CARD1-250x300.png 250w\" sizes=\"(max-width: 400px) 100vw, 400px\" \/><\/a><\/p>\n<p style=\"text-align: center;\"><a href=\"http:\/\/www.r2cpress.com.br\/v1\/wp-content\/uploads\/2018\/03\/CARD2.png\"><img loading=\"lazy\" class=\"aligncenter size-full wp-image-114695\" src=\"http:\/\/www.r2cpress.com.br\/v1\/wp-content\/uploads\/2018\/03\/CARD2.png\" alt=\"\" width=\"412\" height=\"604\" srcset=\"https:\/\/www.r2cpress.com.br\/v1\/wp-content\/uploads\/2018\/03\/CARD2.png 412w, https:\/\/www.r2cpress.com.br\/v1\/wp-content\/uploads\/2018\/03\/CARD2-205x300.png 205w\" sizes=\"(max-width: 412px) 100vw, 412px\" \/><\/a><b>Assessoria de Comunica\u00e7\u00e3o\u00a0<\/b>&#8211;\u00a0<b>DPE\/BA<\/b><\/p>\n<div style=\"text-align: center;\"><\/div>\n<\/div>\n<\/div>\n<\/div>\n<\/div>\n<\/div>\n<\/div>\n<\/div>\n<div class=\"_36iKMhh_kXkBs0bb2RCuwJ\" style=\"text-align: center;\"><\/div>\n<\/div>\n<\/div>\n<\/div>\n<\/div>\n<\/div>\n<\/div>\n<\/div>\n<\/div>\n<\/div>\n<\/div>\n<div class=\"_1K0cujP_EBzCd77bTesW1q\">\n<div class=\"_3kFrq5TMNGYRjerTOdV31d\">\n<div style=\"text-align: center;\"><\/div>\n<div class=\"_1KXDsPwV--KB2IkHQW5-GB\" style=\"text-align: center;\"><\/div>\n<div class=\"cm-PctfWJwTFOgA6Musxc\" style=\"text-align: center;\"><\/div>\n<\/div>\n<\/div>\n<\/div>\n<\/div>\n<div id=\"PopoutContainerTarget\"><\/div>\n<\/div>\n<\/div>\n<\/div>\n<div class=\"ms-Layer ms-Layer--fixed root-68\"><\/div>\n<div id=\"lpv\"><\/div>\n<div class=\"chat-wrapper Zhl4jXfyd4cppk1R29Vnn\"><\/div>\n<div><\/div>\n<div id=\"LPCPreLoadFontIconContainer\"><\/div>\n<div id=\"LivePersonaCardRootElement\" class=\"lpc_ip_root_class\"><\/div>\n","protected":false},"excerpt":{"rendered":"<p>Objetivo das Confer\u00eancias P\u00fablicas \u00e9 definir as \u00e1reas priorit\u00e1rias de investimento do or\u00e7amento da Institui\u00e7\u00e3o O ano de 2018 est\u00e1 no terceiro m\u00eas e a Defensoria P\u00fablica do Estado da Bahia \u2013 DPE\/BA j\u00e1 come\u00e7a a planejar seu or\u00e7amento para 2019. Quais as prioridades? Em quais \u00e1reas investir mais? \u00c9 para ouvir o cidad\u00e3o baiano [&hellip;]<\/p>\n","protected":false},"author":2,"featured_media":0,"comment_status":"open","ping_status":"open","sticky":false,"template":"","format":"standard","meta":{"_links_to":"","_links_to_target":""},"categories":[13,1],"tags":[],"_links":{"self":[{"href":"https:\/\/www.r2cpress.com.br\/v1\/wp-json\/wp\/v2\/posts\/114691"}],"collection":[{"href":"https:\/\/www.r2cpress.com.br\/v1\/wp-json\/wp\/v2\/posts"}],"about":[{"href":"https:\/\/www.r2cpress.com.br\/v1\/wp-json\/wp\/v2\/types\/post"}],"author":[{"embeddable":true,"href":"https:\/\/www.r2cpress.com.br\/v1\/wp-json\/wp\/v2\/users\/2"}],"replies":[{"embeddable":true,"href":"https:\/\/www.r2cpress.com.br\/v1\/wp-json\/wp\/v2\/comments?post=114691"}],"version-history":[{"count":1,"href":"https:\/\/www.r2cpress.com.br\/v1\/wp-json\/wp\/v2\/posts\/114691\/revisions"}],"predecessor-version":[{"id":114697,"href":"https:\/\/www.r2cpress.com.br\/v1\/wp-json\/wp\/v2\/posts\/114691\/revisions\/114697"}],"wp:attachment":[{"href":"https:\/\/www.r2cpress.com.br\/v1\/wp-json\/wp\/v2\/media?parent=114691"}],"wp:term":[{"taxonomy":"category","embeddable":true,"href":"https:\/\/www.r2cpress.com.br\/v1\/wp-json\/wp\/v2\/categories?post=114691"},{"taxonomy":"post_tag","embeddable":true,"href":"https:\/\/www.r2cpress.com.br\/v1\/wp-json\/wp\/v2\/tags?post=114691"}],"curies":[{"name":"wp","href":"https:\/\/api.w.org\/{rel}","templated":true}]}}