{"id":114798,"date":"2018-03-27T11:43:58","date_gmt":"2018-03-27T14:43:58","guid":{"rendered":"http:\/\/www.r2cpress.com.br\/v1\/?p=114798"},"modified":"2018-03-27T11:46:07","modified_gmt":"2018-03-27T14:46:07","slug":"porto-seguro-eco-bahia-contrata-gerente-comercial","status":"publish","type":"post","link":"https:\/\/www.r2cpress.com.br\/v1\/2018\/03\/27\/porto-seguro-eco-bahia-contrata-gerente-comercial\/","title":{"rendered":"Porto Seguro Eco Bahia contrata L\u00facio do Carmo para gerente comercial"},"content":{"rendered":"<p><a href=\"http:\/\/www.r2cpress.com.br\/v1\/wp-content\/uploads\/2018\/03\/lucio.jpg\"><img loading=\"lazy\" class=\"aligncenter wp-image-114799\" src=\"http:\/\/www.r2cpress.com.br\/v1\/wp-content\/uploads\/2018\/03\/lucio.jpg\" alt=\"\" width=\"509\" height=\"304\" srcset=\"https:\/\/www.r2cpress.com.br\/v1\/wp-content\/uploads\/2018\/03\/lucio.jpg 670w, https:\/\/www.r2cpress.com.br\/v1\/wp-content\/uploads\/2018\/03\/lucio-300x179.jpg 300w\" sizes=\"(max-width: 509px) 100vw, 509px\" \/><\/a>O Porto Seguro Eco Bahia anunciou a contrata\u00e7\u00e3o de L\u00facio do Carmo para a posi\u00e7\u00e3o de gerente comercial. H\u00e1 cinco anos atuando como executivo do grupo Porto Seguro de Hot\u00e9is, o profissional iniciou sua carreira como guia de turismo, foi gerente comercial da Encantur e Rede Viva e supervisor de reservas.<\/p>\n<p>Carmo lembra que o empreendimento, onde funcionava o Hotel Vela Branca, j\u00e1 passou por uma ampla reforma e reabriu as portas em 2014.<\/p>\n<p>\u201cInauguramos com 100% de ocupa\u00e7\u00e3o e o maior desafio agora \u00e9 manter a taxa em torno dos 80%, com uma boa di\u00e1ria m\u00e9dia\u201d, afirmou. Para isso, ele pretende aproveitar a bagagem adquirida no PSP Resort, \u201cfortalecendo o relacionamento com ag\u00eancias, operadoras e o p\u00fablico final.\u201d<\/p>\n<p>Para contatar o novo gerente comercial, h\u00e1 o telefone (73) 99950-1055 e o e-mail\u00a0<a href=\"mailto:comercial@psebahiahotel.com.br\">comercial@psebahiahotel.com.br<\/a>.<\/p>\n<p>O R2CPRESS DESEJA AO GRANDE AMIGO L\u00daCIO DO CARMO SUCESSO ABSOLUTO DA NOVA JORNADA!<\/p>\n<div class=\"row\"><\/div>\n","protected":false},"excerpt":{"rendered":"<p>O Porto Seguro Eco Bahia anunciou a contrata\u00e7\u00e3o de L\u00facio do Carmo para a posi\u00e7\u00e3o de gerente comercial. H\u00e1 cinco anos atuando como executivo do grupo Porto Seguro de Hot\u00e9is, o profissional iniciou sua carreira como guia de turismo, foi gerente comercial da Encantur e Rede Viva e supervisor de reservas. Carmo lembra que o [&hellip;]<\/p>\n","protected":false},"author":2,"featured_media":0,"comment_status":"open","ping_status":"open","sticky":false,"template":"","format":"standard","meta":{"_links_to":"","_links_to_target":""},"categories":[13],"tags":[],"_links":{"self":[{"href":"https:\/\/www.r2cpress.com.br\/v1\/wp-json\/wp\/v2\/posts\/114798"}],"collection":[{"href":"https:\/\/www.r2cpress.com.br\/v1\/wp-json\/wp\/v2\/posts"}],"about":[{"href":"https:\/\/www.r2cpress.com.br\/v1\/wp-json\/wp\/v2\/types\/post"}],"author":[{"embeddable":true,"href":"https:\/\/www.r2cpress.com.br\/v1\/wp-json\/wp\/v2\/users\/2"}],"replies":[{"embeddable":true,"href":"https:\/\/www.r2cpress.com.br\/v1\/wp-json\/wp\/v2\/comments?post=114798"}],"version-history":[{"count":3,"href":"https:\/\/www.r2cpress.com.br\/v1\/wp-json\/wp\/v2\/posts\/114798\/revisions"}],"predecessor-version":[{"id":114802,"href":"https:\/\/www.r2cpress.com.br\/v1\/wp-json\/wp\/v2\/posts\/114798\/revisions\/114802"}],"wp:attachment":[{"href":"https:\/\/www.r2cpress.com.br\/v1\/wp-json\/wp\/v2\/media?parent=114798"}],"wp:term":[{"taxonomy":"category","embeddable":true,"href":"https:\/\/www.r2cpress.com.br\/v1\/wp-json\/wp\/v2\/categories?post=114798"},{"taxonomy":"post_tag","embeddable":true,"href":"https:\/\/www.r2cpress.com.br\/v1\/wp-json\/wp\/v2\/tags?post=114798"}],"curies":[{"name":"wp","href":"https:\/\/api.w.org\/{rel}","templated":true}]}}