{"id":115032,"date":"2018-04-09T15:21:40","date_gmt":"2018-04-09T18:21:40","guid":{"rendered":"http:\/\/www.r2cpress.com.br\/v1\/?p=115032"},"modified":"2018-04-09T15:21:40","modified_gmt":"2018-04-09T18:21:40","slug":"indios-tupinambas-bloqueiam-rodovia-por-mais-de-08h","status":"publish","type":"post","link":"https:\/\/www.r2cpress.com.br\/v1\/2018\/04\/09\/indios-tupinambas-bloqueiam-rodovia-por-mais-de-08h\/","title":{"rendered":"\u00cdndios Tupinamb\u00e1s bloqueiam rodovia por mais de 08h"},"content":{"rendered":"<p><img loading=\"lazy\" class=\"alignnone \" src=\"http:\/\/www.fabiorobertonoticias.com.br\/v1\/wp-content\/uploads\/2018\/04\/IMG-20180409-WA0077.jpg\" width=\"284\" height=\"505\" \/><\/p>\n<p>Manh\u00e3 tensa e de protesto em Ilh\u00e9us. Devido as p\u00e9ssimas condi\u00e7\u00f5es da estrada que d\u00e1 acesso \u00e0 tribo, \u00edndios tupinamb\u00e1s de Oliven\u00e7a, interditaram desde \u00e0s 06h30 de hoje, 09, a rodovia BA-001, Oliven\u00e7a\/Ilh\u00e9us. A manifesta\u00e7\u00e3o j\u00e1 dura mais de 08 horas.<\/p>\n<p>Segundo informa\u00e7\u00f5es, o engarrafamento j\u00e1 chega a quase 15 quil\u00f4metros. Indignados e cantando m\u00fasicas de ordem, os \u00edndios afirmaram que a pista s\u00f3 ser\u00e1 liderada com a presen\u00e7a de algum representante da prefeitura.<\/p>\n<p>O ato ocorre de forma pac\u00edfica, sendo que as for\u00e7as de seguran\u00e7a foram acionadas a fim de negociar com os organizadores, para que ocorra a libera\u00e7\u00e3o da rodovia.<\/p>\n<p><img loading=\"lazy\" class=\"alignnone \" src=\"http:\/\/www.fabiorobertonoticias.com.br\/v1\/wp-content\/uploads\/2018\/04\/IMG-20180409-WA0072.jpg\" width=\"341\" height=\"606\" \/><\/p>\n<p><em><strong>DO FRN<\/strong><\/em><\/p>\n","protected":false},"excerpt":{"rendered":"<p>Manh\u00e3 tensa e de protesto em Ilh\u00e9us. Devido as p\u00e9ssimas condi\u00e7\u00f5es da estrada que d\u00e1 acesso \u00e0 tribo, \u00edndios tupinamb\u00e1s de Oliven\u00e7a, interditaram desde \u00e0s 06h30 de hoje, 09, a rodovia BA-001, Oliven\u00e7a\/Ilh\u00e9us. A manifesta\u00e7\u00e3o j\u00e1 dura mais de 08 horas. Segundo informa\u00e7\u00f5es, o engarrafamento j\u00e1 chega a quase 15 quil\u00f4metros. Indignados e cantando m\u00fasicas [&hellip;]<\/p>\n","protected":false},"author":2,"featured_media":0,"comment_status":"open","ping_status":"open","sticky":false,"template":"","format":"standard","meta":{"_links_to":"","_links_to_target":""},"categories":[1],"tags":[],"_links":{"self":[{"href":"https:\/\/www.r2cpress.com.br\/v1\/wp-json\/wp\/v2\/posts\/115032"}],"collection":[{"href":"https:\/\/www.r2cpress.com.br\/v1\/wp-json\/wp\/v2\/posts"}],"about":[{"href":"https:\/\/www.r2cpress.com.br\/v1\/wp-json\/wp\/v2\/types\/post"}],"author":[{"embeddable":true,"href":"https:\/\/www.r2cpress.com.br\/v1\/wp-json\/wp\/v2\/users\/2"}],"replies":[{"embeddable":true,"href":"https:\/\/www.r2cpress.com.br\/v1\/wp-json\/wp\/v2\/comments?post=115032"}],"version-history":[{"count":1,"href":"https:\/\/www.r2cpress.com.br\/v1\/wp-json\/wp\/v2\/posts\/115032\/revisions"}],"predecessor-version":[{"id":115033,"href":"https:\/\/www.r2cpress.com.br\/v1\/wp-json\/wp\/v2\/posts\/115032\/revisions\/115033"}],"wp:attachment":[{"href":"https:\/\/www.r2cpress.com.br\/v1\/wp-json\/wp\/v2\/media?parent=115032"}],"wp:term":[{"taxonomy":"category","embeddable":true,"href":"https:\/\/www.r2cpress.com.br\/v1\/wp-json\/wp\/v2\/categories?post=115032"},{"taxonomy":"post_tag","embeddable":true,"href":"https:\/\/www.r2cpress.com.br\/v1\/wp-json\/wp\/v2\/tags?post=115032"}],"curies":[{"name":"wp","href":"https:\/\/api.w.org\/{rel}","templated":true}]}}