{"id":11505,"date":"2011-03-25T18:20:39","date_gmt":"2011-03-25T21:20:39","guid":{"rendered":"http:\/\/www.r2cpress.com.br\/v1\/?p=11505"},"modified":"2011-03-25T18:20:39","modified_gmt":"2011-03-25T21:20:39","slug":"wandick-badaro-vida-publica","status":"publish","type":"post","link":"https:\/\/www.r2cpress.com.br\/v1\/2011\/03\/25\/wandick-badaro-vida-publica\/","title":{"rendered":"WANDICK BADAR\u00d3 (vida p\u00fablica)"},"content":{"rendered":"<p>De: heraldo faskomy <heralcrazy66 @gmail.com><br \/>\nAssunto: <strong>WANDICK BADAR\u00d3 (vida p\u00fablica)<br \/>\n<\/strong><br \/>\nCorpo da mensagem:<br \/>\nprofiss\u00e3o: funcion\u00e1rio p\u00fablico.Nascimento,1 de setembro de 1913, ilh\u00e9us -bahia.filho de jos\u00e9 joaquim fernandes badar\u00f3 e dona anisia oliveira fernandes badar\u00f3. casado com dona beatriz pessoa badar\u00f3. filhos nilton e jos\u00e9 joaquim (juquinha). eleito vereador pelo partido trabalhista brasileiro 1947-1950,na cidade de ilh\u00e9us.foi s\u00f3cio- fundador do clube social de ilh\u00e9us, diretor do antigo inamps (hoje inss) entre 1955- 1958, deputado estadual por dois mandato 1951-1955 e 1959-1963, por decis\u00e3o do tribunal eleitoral perdeu o mandato em 27\/12\/1060; suplente de deputado assumiu fev\/ set 1961,maio de 1962 e abril de 1963 pelo PTB.possui uma rua em salvador em sua homenagem. em ilh\u00e9us foi oficial de cart\u00f3rio. falecido hoje 25 de mar\u00e7o de 2011.<\/p>\n<p>&#8212;<br \/>\nEsta mensagem foi enviada atrav\u00e9s do formul\u00e1rio de contato do site R2CPRESS | A Letra Fria da Verdade http:\/\/www.r2cpress.com.br\/v1<br \/>\n<\/heralcrazy66><\/p>\n","protected":false},"excerpt":{"rendered":"<p>De: heraldo faskomy Assunto: WANDICK BADAR\u00d3 (vida p\u00fablica) Corpo da mensagem: profiss\u00e3o: funcion\u00e1rio p\u00fablico.Nascimento,1 de setembro de 1913, ilh\u00e9us -bahia.filho de jos\u00e9 joaquim fernandes badar\u00f3 e dona anisia oliveira fernandes badar\u00f3. casado com dona beatriz pessoa badar\u00f3. filhos nilton e jos\u00e9 joaquim (juquinha). eleito vereador pelo partido trabalhista brasileiro 1947-1950,na cidade de ilh\u00e9us.foi s\u00f3cio- fundador [&hellip;]<\/p>\n","protected":false},"author":2,"featured_media":0,"comment_status":"open","ping_status":"open","sticky":false,"template":"","format":"standard","meta":{"_links_to":"","_links_to_target":""},"categories":[10],"tags":[],"_links":{"self":[{"href":"https:\/\/www.r2cpress.com.br\/v1\/wp-json\/wp\/v2\/posts\/11505"}],"collection":[{"href":"https:\/\/www.r2cpress.com.br\/v1\/wp-json\/wp\/v2\/posts"}],"about":[{"href":"https:\/\/www.r2cpress.com.br\/v1\/wp-json\/wp\/v2\/types\/post"}],"author":[{"embeddable":true,"href":"https:\/\/www.r2cpress.com.br\/v1\/wp-json\/wp\/v2\/users\/2"}],"replies":[{"embeddable":true,"href":"https:\/\/www.r2cpress.com.br\/v1\/wp-json\/wp\/v2\/comments?post=11505"}],"version-history":[{"count":2,"href":"https:\/\/www.r2cpress.com.br\/v1\/wp-json\/wp\/v2\/posts\/11505\/revisions"}],"predecessor-version":[{"id":11507,"href":"https:\/\/www.r2cpress.com.br\/v1\/wp-json\/wp\/v2\/posts\/11505\/revisions\/11507"}],"wp:attachment":[{"href":"https:\/\/www.r2cpress.com.br\/v1\/wp-json\/wp\/v2\/media?parent=11505"}],"wp:term":[{"taxonomy":"category","embeddable":true,"href":"https:\/\/www.r2cpress.com.br\/v1\/wp-json\/wp\/v2\/categories?post=11505"},{"taxonomy":"post_tag","embeddable":true,"href":"https:\/\/www.r2cpress.com.br\/v1\/wp-json\/wp\/v2\/tags?post=11505"}],"curies":[{"name":"wp","href":"https:\/\/api.w.org\/{rel}","templated":true}]}}