{"id":115143,"date":"2018-04-16T18:39:55","date_gmt":"2018-04-16T21:39:55","guid":{"rendered":"http:\/\/www.r2cpress.com.br\/v1\/?p=115143"},"modified":"2018-04-16T18:39:55","modified_gmt":"2018-04-16T21:39:55","slug":"prefeitura-de-ilheus-oferece-cursos-de-empreendedorismo-para-jovens","status":"publish","type":"post","link":"https:\/\/www.r2cpress.com.br\/v1\/2018\/04\/16\/prefeitura-de-ilheus-oferece-cursos-de-empreendedorismo-para-jovens\/","title":{"rendered":"Prefeitura de Ilh\u00e9us oferece cursos de empreendedorismo para jovens"},"content":{"rendered":"<p><img loading=\"lazy\" class=\"alignnone size-full\" src=\"http:\/\/www.agravo.blog.br\/wp-content\/uploads\/2018\/04\/Imagem1.jpg\" width=\"400\" height=\"225\" \/><\/p>\n<p class=\"m_185248164801344771gmail-xmsonormal\">Voc\u00ea que \u00e9 jovem e quer empreender na sua comunidade e gerar renda para fam\u00edlia, a oportunidade \u00e9 agora. A partir de hoje, segunda-feira (16), estar\u00e3o abertas as inscri\u00e7\u00f5es para o projeto \u201cInova Jovem\u201d, em Ilh\u00e9us. Uma parceria entre o Governo Federal e a Prefeitura de Ilh\u00e9us, atrav\u00e9s da secretaria municipal de Ind\u00fastria e Com\u00e9rcio (Sedic). O plano visa criar oportunidades de inclus\u00e3o social e de autonomia para os jovens de maneira empreendedora, al\u00e9m de viabilizar alternativas para que eles possam iniciar, ou mesmo dar andamento, ao pr\u00f3prio neg\u00f3cio. De acordo com o programa, ser\u00e3o oferecidas inicialmente 25 vagas para a capacita\u00e7\u00e3o presencial, com mentoria e acompanhamento t\u00e9cnico especializado.<\/p>\n<p class=\"m_185248164801344771gmail-xmsonormal\">O curso \u00e9 totalmente gratuito e acontecer\u00e1 na Igreja Batista Lindin\u00f3polis, no bairro da Conquista. Segue at\u00e9 a pr\u00f3xima semana, dia 21, com aulas de segunda \u00e0 sexta das 9 \u00e0s 12 horas. O aluno receber\u00e1 10 m\u00f3dulos e mais 90 dias de acompanhamento do neg\u00f3cio. Para se inscrever, \u00e9 necess\u00e1rio ter entre 18 e 29 anos e morar em uma comunidade carente. O candidato deve se dirigir \u00e0 secretaria da igreja que fica a Avenida Princesa Isabel, n\u00ba 10, no bairro Conquista. Tamb\u00e9m, no Anexo da Prefeitura, no centro, na sala da Sedic, munidos com os documentos de Identidade, CPF e comprovante de resid\u00eancia. Outra op\u00e7\u00e3o \u00e9 ligar para o 0800 799 9939 ou pelo e-mail:\u00a0<a href=\"mailto:contato@inovajovem.com.br\" target=\"_blank\" rel=\"noopener noreferrer\">contato@inovajovem.<wbr><\/wbr>com.br<\/a><!--more--><\/p>\n<p class=\"m_185248164801344771gmail-xmsonormal\"><b>Incentivo ao empreendedorismo<\/b>\u00a0\u2013 Segundo o secret\u00e1rio municipal de Ind\u00fastria e Com\u00e9rcio, Paulo S\u00e9rgio Santos, o programa vai servir para enfrentar os altos \u00edndices de viol\u00eancia vividos principalmente pela juventude. \u201cEste \u00e9 um projeto de incentivo ao empreendedorismo e a inova\u00e7\u00e3o em comunidades pobres e periferias de Ilh\u00e9us\u201d, afirma. O secret\u00e1rio explica ainda que a plataforma bastante acess\u00edvel e leva em conta as limita\u00e7\u00f5es que frequentemente s\u00e3o impostas \u00e0queles que empreendem por necessidade. Na sua vis\u00e3o, \u201ca falta de tempo, aus\u00eancia de investimento inicial e de conhecimentos te\u00f3ricos sobre marketing e administra\u00e7\u00e3o, assim como a necessidade de retorno financeiro imediato\u201d, completa.<span id=\"more-76999\"><\/span><\/p>\n<p class=\"m_185248164801344771gmail-xmsonormal\">Por meio do \u00cdndice de Vulnerabilidade Juvenil em 2017 (IVJ 2017), pesquisa elaborada pela Secretaria Nacional de Juventude (SNJ), o F\u00f3rum Brasileiro de Seguran\u00e7a P\u00fablica e a UNESCO serviu para medir em quais cidades os jovens sofrem com problemas de viol\u00eancia, dificuldades de se manter na escola, de entrar no mercado de trabalho e desigualdade racial e de g\u00eanero. Esse \u00edndice serviu para orientar a SNJ sobre quais os munic\u00edpios devem receber os Programas, Projetos e A\u00e7\u00f5es, como o Inova Jovem, garantindo que essas iniciativas cheguem em quem mais precisa.<\/p>\n","protected":false},"excerpt":{"rendered":"<p>Voc\u00ea que \u00e9 jovem e quer empreender na sua comunidade e gerar renda para fam\u00edlia, a oportunidade \u00e9 agora. A partir de hoje, segunda-feira (16), estar\u00e3o abertas as inscri\u00e7\u00f5es para o projeto \u201cInova Jovem\u201d, em Ilh\u00e9us. Uma parceria entre o Governo Federal e a Prefeitura de Ilh\u00e9us, atrav\u00e9s da secretaria municipal de Ind\u00fastria e Com\u00e9rcio [&hellip;]<\/p>\n","protected":false},"author":2,"featured_media":0,"comment_status":"open","ping_status":"open","sticky":false,"template":"","format":"standard","meta":{"_links_to":"","_links_to_target":""},"categories":[1],"tags":[],"_links":{"self":[{"href":"https:\/\/www.r2cpress.com.br\/v1\/wp-json\/wp\/v2\/posts\/115143"}],"collection":[{"href":"https:\/\/www.r2cpress.com.br\/v1\/wp-json\/wp\/v2\/posts"}],"about":[{"href":"https:\/\/www.r2cpress.com.br\/v1\/wp-json\/wp\/v2\/types\/post"}],"author":[{"embeddable":true,"href":"https:\/\/www.r2cpress.com.br\/v1\/wp-json\/wp\/v2\/users\/2"}],"replies":[{"embeddable":true,"href":"https:\/\/www.r2cpress.com.br\/v1\/wp-json\/wp\/v2\/comments?post=115143"}],"version-history":[{"count":1,"href":"https:\/\/www.r2cpress.com.br\/v1\/wp-json\/wp\/v2\/posts\/115143\/revisions"}],"predecessor-version":[{"id":115144,"href":"https:\/\/www.r2cpress.com.br\/v1\/wp-json\/wp\/v2\/posts\/115143\/revisions\/115144"}],"wp:attachment":[{"href":"https:\/\/www.r2cpress.com.br\/v1\/wp-json\/wp\/v2\/media?parent=115143"}],"wp:term":[{"taxonomy":"category","embeddable":true,"href":"https:\/\/www.r2cpress.com.br\/v1\/wp-json\/wp\/v2\/categories?post=115143"},{"taxonomy":"post_tag","embeddable":true,"href":"https:\/\/www.r2cpress.com.br\/v1\/wp-json\/wp\/v2\/tags?post=115143"}],"curies":[{"name":"wp","href":"https:\/\/api.w.org\/{rel}","templated":true}]}}