{"id":11550,"date":"2011-03-26T20:48:20","date_gmt":"2011-03-26T23:48:20","guid":{"rendered":"http:\/\/www.r2cpress.com.br\/v1\/?p=11550"},"modified":"2011-03-26T20:48:20","modified_gmt":"2011-03-26T23:48:20","slug":"hans-schaeppi-em-turismo","status":"publish","type":"post","link":"https:\/\/www.r2cpress.com.br\/v1\/2011\/03\/26\/hans-schaeppi-em-turismo\/","title":{"rendered":"Hans Schaeppi em: TURISMO"},"content":{"rendered":"<p><img align = \"left\" src = \"http:\/\/www.r2cpress.com.br\/v1\/wp-content\/uploads\/TURISMO-3.jpg\"\/><strong>PORTOS<\/strong><br \/>\nEnquanto se discute os problemas do Porto Sul e se descobre que n\u00e3o s\u00e3o somente os ambientalistas (verdadeiros e falsos) que est\u00e3o atrapalhando o andamento dos trabalhos, tamb\u00e9m os estados que n\u00e3o desejam concorr\u00eancia com seus portos est\u00e3o  ajudando a atrapalhar.  Sabendo tamb\u00e9m que ainda vir\u00e3o os pareceres do Rie, Ibama e as audi\u00eancias, poderia o Estado estar cuidando mais e por muito menos, do nosso Porto de Ilh\u00e9us. Efetuando as dragagens necess\u00e1rias, a primeira emergencial e a segunda aprofundando o nosso calado para 12 metros, poder\u00edamos receber navios de carga de porte, aliviando os portos de Salvador e trazendo maior quantidade de carga para nosso Porto. Tamb\u00e9m a conclus\u00e3o da retro-\u00e1rea em 100 mil metros daria condi\u00e7\u00f5es de termos espa\u00e7o para containers. Se continuarmos brigando somente pelo Porto Sul, vamos deixar de ter um e outro durante muito tempo.<\/p>\n<p><b>A FOR\u00c7A DE UMA ASSOCIA\u00c7\u00c3O<\/b><br \/>\nJ\u00e1 falamos aqui sobre a for\u00e7a que uma associa\u00e7\u00e3o pode ter para resolver as necessidades de uma cidade. Uma associa\u00e7\u00e3o de Caravelas, conseguiu que seu aeroporto fosse reativado depois de mais de uma d\u00e9cada abandonado, solu\u00e7\u00e3o que vai beneficiar turismo e neg\u00f3cios de v\u00e1rios munic\u00edpios da Costa das Baleias. E n\u00f3s, onde est\u00e3o nossas associa\u00e7\u00f5es que n\u00e3o se mexem? A Associa\u00e7\u00e3o Comercial de Ilh\u00e9us. com novo presidente, est\u00e1 na hora de mostrar sua capacidade de agir. Na gest\u00e3o do presidente Jos\u00e9 Leite de Souza, t\u00ednhamos o F\u00f3rum Permanente em Defesa de Ilh\u00e9us, que reunia v\u00e1rias outras associa\u00e7\u00f5es, mostrando sua for\u00e7a, e  que deveria voltar com urg\u00eancia para conseguirmos um pouco do muito que necessitamos em termos de infraestrutura. Reunindo v\u00e1rias associa\u00e7\u00f5es a for\u00e7a ser\u00e1 maior e os problemas poder\u00e3o ser debatidos e resolvidos com maior agilidade.<\/p>\n<p><b>CULTURA<\/b><\/p>\n<p><!--more--><\/p>\n<p>A Cultura \u00e9 uma das atividades que mais t\u00eam se destacado em Ilh\u00e9us, gra\u00e7as \u00e0s a\u00e7\u00f5es empreendidas pela Funda\u00e7\u00e3o Cultural de Ilh\u00e9us, cujo presidente Maur\u00edcio Corso est\u00e1 sabendo buscar as oportunidades concedidas pelos governos estadual e federal e apoio do munic\u00edpio. Pela primeira vez nos \u00faltimos anos temos mantido uma pauta no Teatro Municipal de Ilh\u00e9us, a vinda do Bal\u00e9 do Teatro Castro Alves por mais de uma vez; a Festa das Flores de Holambra (Ilh\u00e9us em Flor) que volta este ano pela quarta vez; e in\u00fameras outras atividades culturais. Tamb\u00e9m a Casa dos Artistas tem se mostrado ativa, com seu diretor  Romualdo Lisboa mantendo uma pauta semanal de atividades art\u00edsticas e levando espet\u00e1culos nossos para outros munic\u00edpios  at\u00e9 a Salvador.<\/p>\n<p><b>CONTA\u00c7\u00c3O DE HIST\u00d3RIAS<\/b><br \/>\nA \u201cOficina de Conta\u00e7\u00e3o de hist\u00f3rias\u201d \u00e9 mais uma  promo\u00e7\u00e3o da Funda\u00e7\u00e3o Cultural de Ilh\u00e9us, em parceria com o Centro Cultural Banco do Brasil do Rio de Janeiro e j\u00e1 se encontra com inscri\u00e7\u00f5es abertas e gratuitas para adultos e crian\u00e7as para a oficina que acontecer\u00e1 nos dia 31 de mar\u00e7o e 1\u00ba de abril.  Tem tamb\u00e9m como p\u00fablico alvo, professores, arte-educadores, artistas e interessados em contar hist\u00f3rias. O projeto, denominado \u201cO chap\u00e9u de Gabriel &#8211; conta\u00e7\u00e3o de hist\u00f3rias, encontros e oficinas\u201d \u00e9 patrocinado pelo Governo Federal atrav\u00e9s da Bolsa Funarte de Circula\u00e7\u00e3o Liter\u00e1ria.<\/p>\n<p><b>TEATRO MUNICIPAL<\/b><br \/>\nO Teatro Municipal de Ilh\u00e9us est\u00e1 com uma boa programa\u00e7\u00e3o neste final de semana, apresentando a partir das 17 horas o espet\u00e1culo Chapeuzinho Vermelho; e neste s\u00e1bado, 26, e nos dias 27 e 28 ser\u00e1 a vez do humorista Renato Piaba apresentar seu mais novo espet\u00e1culo \u201cCarnaver\u00e3o 2011\u201d.  A pe\u00e7a As Bondosas tamb\u00e9m est\u00e1 na programa\u00e7\u00e3o do TMI<\/p>\n<p><b>REFIS DA CRISE<\/b><br \/>\nDepois de lan\u00e7ado h\u00e1 cerca de tr\u00eas anos, a Federa\u00e7\u00e3o das Ind\u00fastrias do Estado da Bahia  , trouxe \u00e0 discuss\u00e3o o esperado parcelamento denominado Refis da Crise,11.941\/09 , realizando em sua sede na ter\u00e7a-feira passada, 22, o Semin\u00e1rio Consolida\u00e7\u00e3o do Refis da Crise com a palestra da Dra. Socorro Henriques. Analista da Receita Federal do Brasil \u2013 Divis\u00e3o de Arrecada\u00e7\u00e3o e Cobran\u00e7a da 5\u00aa Regi\u00e3o Fiscal. O tema foi a Portaria Conjunta PGFN\/RFB n\u00ba 2, de 03 de fevereiro de 2011 \u2013 Regras para consolida\u00e7\u00e3o das modalidades de pagamento e parcelamentoda Lei 11.941\/09<\/p>\n<p><b>B I T S  &#8211;  T U R<\/b><br \/>\nA GOL Transportes A\u00e9reos, depois de cinco anos passou a liderar o mercado da avia\u00e7\u00e3o dom\u00e9stica brasileira, tendo ultrapassado a TAM no m\u00eas de fevereiro com escore apertado de 39,77% contra 39,59% *** A Casa dos Artistas apresenta neste s\u00e1bado, 26, \u00e0s 20 horaso o show de m\u00fasica Banda Sap\u00ea lan\u00e7ando na ocasi\u00e3o seu CD \u201cBanda de Xote de Ilh\u00e9us *** O Guia da Costa do Cacau foi lan\u00e7ado na sexta-feira passada, 25, no Clube Social de Itacar\u00e9 *** Comemora-se neste domingo,  Dia 27, o Dia Mundial do Teatro. O Instituto Nossa Senhora da Piedade vai comemorar a data com a apresenta\u00e7\u00e3o de exposi\u00e7\u00e3o fotogr\u00e1fica e Teatro Lambe Lambe<\/p>\n","protected":false},"excerpt":{"rendered":"<p>PORTOS Enquanto se discute os problemas do Porto Sul e se descobre que n\u00e3o s\u00e3o somente os ambientalistas (verdadeiros e falsos) que est\u00e3o atrapalhando o andamento dos trabalhos, tamb\u00e9m os estados que n\u00e3o desejam concorr\u00eancia com seus portos est\u00e3o ajudando a atrapalhar. Sabendo tamb\u00e9m que ainda vir\u00e3o os pareceres do Rie, Ibama e as audi\u00eancias, [&hellip;]<\/p>\n","protected":false},"author":2,"featured_media":0,"comment_status":"open","ping_status":"open","sticky":false,"template":"","format":"standard","meta":{"_links_to":"","_links_to_target":""},"categories":[27],"tags":[],"_links":{"self":[{"href":"https:\/\/www.r2cpress.com.br\/v1\/wp-json\/wp\/v2\/posts\/11550"}],"collection":[{"href":"https:\/\/www.r2cpress.com.br\/v1\/wp-json\/wp\/v2\/posts"}],"about":[{"href":"https:\/\/www.r2cpress.com.br\/v1\/wp-json\/wp\/v2\/types\/post"}],"author":[{"embeddable":true,"href":"https:\/\/www.r2cpress.com.br\/v1\/wp-json\/wp\/v2\/users\/2"}],"replies":[{"embeddable":true,"href":"https:\/\/www.r2cpress.com.br\/v1\/wp-json\/wp\/v2\/comments?post=11550"}],"version-history":[{"count":12,"href":"https:\/\/www.r2cpress.com.br\/v1\/wp-json\/wp\/v2\/posts\/11550\/revisions"}],"predecessor-version":[{"id":11562,"href":"https:\/\/www.r2cpress.com.br\/v1\/wp-json\/wp\/v2\/posts\/11550\/revisions\/11562"}],"wp:attachment":[{"href":"https:\/\/www.r2cpress.com.br\/v1\/wp-json\/wp\/v2\/media?parent=11550"}],"wp:term":[{"taxonomy":"category","embeddable":true,"href":"https:\/\/www.r2cpress.com.br\/v1\/wp-json\/wp\/v2\/categories?post=11550"},{"taxonomy":"post_tag","embeddable":true,"href":"https:\/\/www.r2cpress.com.br\/v1\/wp-json\/wp\/v2\/tags?post=11550"}],"curies":[{"name":"wp","href":"https:\/\/api.w.org\/{rel}","templated":true}]}}