{"id":115605,"date":"2018-05-14T15:55:44","date_gmt":"2018-05-14T18:55:44","guid":{"rendered":"http:\/\/www.r2cpress.com.br\/v1\/?p=115605"},"modified":"2018-05-14T15:55:44","modified_gmt":"2018-05-14T18:55:44","slug":"conjunto-penal-de-itabuna-inova-com-biometria-para-saidao-do-dia-das-maes","status":"publish","type":"post","link":"https:\/\/www.r2cpress.com.br\/v1\/2018\/05\/14\/conjunto-penal-de-itabuna-inova-com-biometria-para-saidao-do-dia-das-maes\/","title":{"rendered":"CONJUNTO PENAL DE ITABUNA INOVA COM BIOMETRIA PARA \u201cSAID\u00c3O\u201d DO DIA DAS M\u00c3ES"},"content":{"rendered":"<p><img loading=\"lazy\" class=\"alignnone size-full\" src=\"http:\/\/www.ilheus24h.com.br\/v1\/wp-content\/uploads\/2018\/05\/Biometria-Sa%C3%ADda-Tempor%C3%A1ria-2.jpg\" width=\"448\" height=\"252\" \/><\/p>\n<h4>Depois de implantar o sistema de reconhecimento por biometria (leitura eletr\u00f4nica das impress\u00f5es digitais) para a distribui\u00e7\u00e3o dos kits de higiene, colch\u00f5es, cobertores e uniformes, al\u00e9m do controle de acesso \u00e0 unidade (visitantes dos internos, funcion\u00e1rios etc), o Conjunto Penal de Itabuna (CPI) inova com a biometria para a sa\u00edda tempor\u00e1ria do Dia das M\u00e3es. O objetivo \u00e9 garantir a seguran\u00e7a das informa\u00e7\u00f5es oficiais de retorno\/evas\u00e3o e permitir, caso sejam requisitados, o compartilhamento de dados com setores de intelig\u00eancia das for\u00e7as de seguran\u00e7a e do pr\u00f3prio sistema prisional.<\/h4>\n<h4>De acordo com o diretor do CPI, capit\u00e3o PM Adriano Val\u00e9rio J\u00e1come da Silva, o uso da biometria no controle da Sa\u00edda Tempor\u00e1ria \u00e9 mais um avan\u00e7o que o Conjunto Penal de Itabuna oferece ao sistema prisional, especialmente no que diz respeito \u00e0 confiabilidade das informa\u00e7\u00f5es produzidas pela unidade.<\/h4>\n<h4>Embora o CPI n\u00e3o divulgue o n\u00famero de internos beneficiados com a sa\u00edda tempor\u00e1ria, a informa\u00e7\u00e3o dispon\u00edvel \u00e9 que a taxa de retorno gira em torno de 90%. \u201cN\u00e3o h\u00e1 como se duvidar, por exemplo, dos \u00edndices de retorno, uma vez que o interno, ao sair, deixa seu registro biom\u00e9trico, que deve coincidir com o que ele registrar no seu retorno \u00e0 unidade. \u00c9 a tecnologia a servi\u00e7o da seguran\u00e7a e do controle social dentro do sistema prisional\u201d, destaca.<\/h4>\n<h4>O diretor diz ainda que essa taxa de retorno \u00e9 algo a ser reconhecido, uma vez que demonstra, por um lado, o crit\u00e9rio para a concess\u00e3o do benef\u00edcio pela Justi\u00e7a e, por outro lado, o sentimento, por parte do interno, de que ele faz parte de um sistema ressocializador. \u201cN\u00e3o \u00e0 toa, muitos dos que ganham o benef\u00edcio fazem parte de programas de ressocializa\u00e7\u00e3o, a exemplo de escola, artesanato, ou mesmo s\u00e3o colaboradores da gest\u00e3o, contratados dentro do programa de remi\u00e7\u00e3o da pena pelo trabalho\u201d.<\/h4>\n<p><!--more--><\/p>\n<h4><b>O que \u00e9<\/b><\/h4>\n<h4>A Sa\u00edda Tempor\u00e1ria \u00e9 um benef\u00edcio previsto na Lei de Execu\u00e7\u00f5es Penais, concedido pelo ju\u00edzo da Vara de Execu\u00e7\u00f5es Penais. S\u00e3o previstas cinco sa\u00eddas por ano, sempre em datas comemorativas. O interno \u00e9 autorizado a sair temporariamente com base em alguns requisitos, como, por exemplo, ter progredido para o regime semiaberto. Al\u00e9m disso, \u00e9 avaliado pelo ju\u00edzo o decurso da pena, o peso do crime e, at\u00e9, a probabilidade de cometimento de novas infra\u00e7\u00f5es, de acordo com o perfil do candidato.<\/h4>\n<h4>\u201cOu seja, para que o preso tenha acesso a um benef\u00edcio de sa\u00edda tempor\u00e1ria, ele j\u00e1 passou por uma avalia\u00e7\u00e3o processual, amparada em informa\u00e7\u00f5es biopsicossociais, que v\u00e3o nortear a decis\u00e3o do magistrado para a concess\u00e3o ou n\u00e3o. Nada \u00e9 aleat\u00f3rio, e o Conjunto Penal cumpre a decis\u00e3o judicial, prevista em lei, com objetivo, inclusive, de preparar esses apenados para a volta ao conv\u00edvio social, o que fatalmente acontecer\u00e1 com a grande maioria deles\u201d, observa.<\/h4>\n","protected":false},"excerpt":{"rendered":"<p>Depois de implantar o sistema de reconhecimento por biometria (leitura eletr\u00f4nica das impress\u00f5es digitais) para a distribui\u00e7\u00e3o dos kits de higiene, colch\u00f5es, cobertores e uniformes, al\u00e9m do controle de acesso \u00e0 unidade (visitantes dos internos, funcion\u00e1rios etc), o Conjunto Penal de Itabuna (CPI) inova com a biometria para a sa\u00edda tempor\u00e1ria do Dia das M\u00e3es. [&hellip;]<\/p>\n","protected":false},"author":2,"featured_media":0,"comment_status":"open","ping_status":"open","sticky":false,"template":"","format":"standard","meta":{"_links_to":"","_links_to_target":""},"categories":[1],"tags":[],"_links":{"self":[{"href":"https:\/\/www.r2cpress.com.br\/v1\/wp-json\/wp\/v2\/posts\/115605"}],"collection":[{"href":"https:\/\/www.r2cpress.com.br\/v1\/wp-json\/wp\/v2\/posts"}],"about":[{"href":"https:\/\/www.r2cpress.com.br\/v1\/wp-json\/wp\/v2\/types\/post"}],"author":[{"embeddable":true,"href":"https:\/\/www.r2cpress.com.br\/v1\/wp-json\/wp\/v2\/users\/2"}],"replies":[{"embeddable":true,"href":"https:\/\/www.r2cpress.com.br\/v1\/wp-json\/wp\/v2\/comments?post=115605"}],"version-history":[{"count":1,"href":"https:\/\/www.r2cpress.com.br\/v1\/wp-json\/wp\/v2\/posts\/115605\/revisions"}],"predecessor-version":[{"id":115606,"href":"https:\/\/www.r2cpress.com.br\/v1\/wp-json\/wp\/v2\/posts\/115605\/revisions\/115606"}],"wp:attachment":[{"href":"https:\/\/www.r2cpress.com.br\/v1\/wp-json\/wp\/v2\/media?parent=115605"}],"wp:term":[{"taxonomy":"category","embeddable":true,"href":"https:\/\/www.r2cpress.com.br\/v1\/wp-json\/wp\/v2\/categories?post=115605"},{"taxonomy":"post_tag","embeddable":true,"href":"https:\/\/www.r2cpress.com.br\/v1\/wp-json\/wp\/v2\/tags?post=115605"}],"curies":[{"name":"wp","href":"https:\/\/api.w.org\/{rel}","templated":true}]}}