{"id":116358,"date":"2018-07-02T19:46:10","date_gmt":"2018-07-02T22:46:10","guid":{"rendered":"http:\/\/www.r2cpress.com.br\/v1\/?p=116358"},"modified":"2018-07-02T19:46:10","modified_gmt":"2018-07-02T22:46:10","slug":"mauricio-maron-deixa-a-secretaria-de-comunicacao-de-ilheus","status":"publish","type":"post","link":"https:\/\/www.r2cpress.com.br\/v1\/2018\/07\/02\/mauricio-maron-deixa-a-secretaria-de-comunicacao-de-ilheus\/","title":{"rendered":"MAURICIO MARON DEIXA A SECRETARIA DE COMUNICA\u00c7\u00c3O DE ILH\u00c9US"},"content":{"rendered":"<h4><img loading=\"lazy\" class=\"alignnone size-full\" src=\"https:\/\/i2.wp.com\/www.blogdogusmao.com.br\/v1\/wp-content\/uploads\/2018\/06\/mauricio.jpg?resize=300%2C300\" width=\"300\" height=\"300\" \/><\/h4>\n<h4>Mais uma baixa importante no governo Mario Alexandre.<\/h4>\n<h4>O jornalista Mauricio Maron entregou o cargo de supervisor de reda\u00e7\u00e3o da Secom-Ilh\u00e9us.<\/h4>\n<h4>Rep\u00f3rter experiente, al\u00e9m de escrever muito bem, Mauricio emprestava sua voz aos v\u00eddeos da TV Secom.<\/h4>\n<p>Do Blog do Gusm\u00e3o<\/p>\n","protected":false},"excerpt":{"rendered":"<p>Mais uma baixa importante no governo Mario Alexandre. O jornalista Mauricio Maron entregou o cargo de supervisor de reda\u00e7\u00e3o da Secom-Ilh\u00e9us. Rep\u00f3rter experiente, al\u00e9m de escrever muito bem, Mauricio emprestava sua voz aos v\u00eddeos da TV Secom. Do Blog do Gusm\u00e3o<\/p>\n","protected":false},"author":2,"featured_media":0,"comment_status":"open","ping_status":"open","sticky":false,"template":"","format":"standard","meta":{"_links_to":"","_links_to_target":""},"categories":[1],"tags":[],"_links":{"self":[{"href":"https:\/\/www.r2cpress.com.br\/v1\/wp-json\/wp\/v2\/posts\/116358"}],"collection":[{"href":"https:\/\/www.r2cpress.com.br\/v1\/wp-json\/wp\/v2\/posts"}],"about":[{"href":"https:\/\/www.r2cpress.com.br\/v1\/wp-json\/wp\/v2\/types\/post"}],"author":[{"embeddable":true,"href":"https:\/\/www.r2cpress.com.br\/v1\/wp-json\/wp\/v2\/users\/2"}],"replies":[{"embeddable":true,"href":"https:\/\/www.r2cpress.com.br\/v1\/wp-json\/wp\/v2\/comments?post=116358"}],"version-history":[{"count":1,"href":"https:\/\/www.r2cpress.com.br\/v1\/wp-json\/wp\/v2\/posts\/116358\/revisions"}],"predecessor-version":[{"id":116359,"href":"https:\/\/www.r2cpress.com.br\/v1\/wp-json\/wp\/v2\/posts\/116358\/revisions\/116359"}],"wp:attachment":[{"href":"https:\/\/www.r2cpress.com.br\/v1\/wp-json\/wp\/v2\/media?parent=116358"}],"wp:term":[{"taxonomy":"category","embeddable":true,"href":"https:\/\/www.r2cpress.com.br\/v1\/wp-json\/wp\/v2\/categories?post=116358"},{"taxonomy":"post_tag","embeddable":true,"href":"https:\/\/www.r2cpress.com.br\/v1\/wp-json\/wp\/v2\/tags?post=116358"}],"curies":[{"name":"wp","href":"https:\/\/api.w.org\/{rel}","templated":true}]}}