{"id":116421,"date":"2018-07-06T20:07:25","date_gmt":"2018-07-06T23:07:25","guid":{"rendered":"http:\/\/www.r2cpress.com.br\/v1\/?p=116421"},"modified":"2018-07-06T20:07:25","modified_gmt":"2018-07-06T23:07:25","slug":"homicidio-no-bairro-nossa-senhora-da-vitoria-em-ilheus","status":"publish","type":"post","link":"https:\/\/www.r2cpress.com.br\/v1\/2018\/07\/06\/homicidio-no-bairro-nossa-senhora-da-vitoria-em-ilheus\/","title":{"rendered":"Homic\u00eddio no bairro Nossa Senhora da Vit\u00f3ria em Ilh\u00e9us"},"content":{"rendered":"<p><a href=\"http:\/\/www.r2cpress.com.br\/v1\/wp-content\/uploads\/2018\/07\/IMG-20180706-WA0001.jpg\"><img loading=\"lazy\" class=\"aligncenter size-full wp-image-116422\" src=\"http:\/\/www.r2cpress.com.br\/v1\/wp-content\/uploads\/2018\/07\/IMG-20180706-WA0001.jpg\" alt=\"\" width=\"1164\" height=\"655\" srcset=\"https:\/\/www.r2cpress.com.br\/v1\/wp-content\/uploads\/2018\/07\/IMG-20180706-WA0001.jpg 1164w, https:\/\/www.r2cpress.com.br\/v1\/wp-content\/uploads\/2018\/07\/IMG-20180706-WA0001-300x169.jpg 300w, https:\/\/www.r2cpress.com.br\/v1\/wp-content\/uploads\/2018\/07\/IMG-20180706-WA0001-768x432.jpg 768w, https:\/\/www.r2cpress.com.br\/v1\/wp-content\/uploads\/2018\/07\/IMG-20180706-WA0001-1024x576.jpg 1024w\" sizes=\"(max-width: 1164px) 100vw, 1164px\" \/><\/a>OC. 1DT ILH\u00c9US-BO-18- 03983<br \/>\nNATUREZA: HOMIC\u00cdDIO<br \/>\nHORA: 20:30H DATA: 05\/07\/2018<br \/>\nLOCAL: COND. VIT\u00d3RIA I CAMINHO 2, N.53 BAIRRO: N. SRA. DA VIT\u00d3RIA.<br \/>\nV\u00cdTIMA: DAVI NUNES CARVALHO<br \/>\nAUTORIA: DESCONHECIDA<br \/>\nHIST\u00d3RICO:COMPARECEU A ESTA DEPOL A SUB TEN PM JACIANE, PARA NOTICIAR QUE FOI<br \/>\nACIONADA PELO CICOM, PARA SE DESLOCAR AT\u00c9 O CONDOMINIO VITORIA l , CAMINHO 2,<br \/>\nCASA 53, ONDE HAVIA UM INDIVIDUO DO SEXO MASCULINO ALVEJADO<br \/>\nPOR DISPAROS DE ARMA DE FOGO; QUE IMEDIATAMENTE ACIONOU O SAMU E MANTEVE<br \/>\nCONTATO COM A BASE DO PETO 69, A QUAL SE DESLOCOU AO LOCAL; QUE SEGUNDO A COMUNICANTE AO CHEGAR AO<br \/>\nENDERE\u00c7O INFORMADO ENCONTROU UM INDIVIDUO ,O QUAL DISSE CHAMAR-SE DAVI<br \/>\nNUNES CARVALHO, DE 22 ANOS , MORADOR DO BAIRRO FERRADAS EM ITABUNA; QUE<br \/>\nA VIATURA DO SAMU CHEGOU AO LOCAL, JUNTAMENTE COM A GUARNI\u00c7\u00c3O DA COMUNICANTE E<br \/>\nAINDA PRESTOU OS PRIMEIROS SOCORROS A V\u00cdTIMA, A QUAL AINDA TINHA SINAIS VITAIS, E<br \/>\nAPRESENTAVA FERIMENTOS NO PEITO; QUE DURANTE O ATENDIMENTO, NO TRASLADO<br \/>\nDA VIATURA DO SAMU, PARA DIRECIONAR O CORPO PARA HOSPITAL A V\u00cdTIMA VEIO \u00c0<br \/>\n\u00d3BITO; QUE SEGUNDO A COMUNICANTE UMA SENHORA DE NOME VANESSA DAMIANA SANTOS VIANA,<br \/>\nPROPRIET\u00c1RIA DA CASA ONDE OCORREU O HOMIC\u00cdDIO, DISSE ESTAR NO ANDAR SUPERIOR QUANDO AVISTOU TR\u00caS ELEMENTOS ARRASTAREM A V\u00cdTIMA DA RUA PARA DENTRO DA SUA CASA E EM SEGUIDA OUVIU OS DISPAROS; QUE O CORPO DE DAVI FOI TRAZIDO PELA VIATURA DO SAMU E ENTREGUE NO DPT DE ILH\u00c9US; QUE AT\u00c9 O<br \/>\nMOMENTO A AUTORIA \u00c9 DESCONHECIDA; EXPEDIDA GUIA MEDICO LEGAL DE NECR\u00d3PSIA N\u00ba: 1035\/2018<\/p>\n","protected":false},"excerpt":{"rendered":"<p>OC. 1DT ILH\u00c9US-BO-18- 03983 NATUREZA: HOMIC\u00cdDIO HORA: 20:30H DATA: 05\/07\/2018 LOCAL: COND. VIT\u00d3RIA I CAMINHO 2, N.53 BAIRRO: N. SRA. DA VIT\u00d3RIA. V\u00cdTIMA: DAVI NUNES CARVALHO AUTORIA: DESCONHECIDA HIST\u00d3RICO:COMPARECEU A ESTA DEPOL A SUB TEN PM JACIANE, PARA NOTICIAR QUE FOI ACIONADA PELO CICOM, PARA SE DESLOCAR AT\u00c9 O CONDOMINIO VITORIA l , CAMINHO 2, [&hellip;]<\/p>\n","protected":false},"author":2,"featured_media":0,"comment_status":"open","ping_status":"open","sticky":false,"template":"","format":"standard","meta":{"_links_to":"","_links_to_target":""},"categories":[1],"tags":[],"_links":{"self":[{"href":"https:\/\/www.r2cpress.com.br\/v1\/wp-json\/wp\/v2\/posts\/116421"}],"collection":[{"href":"https:\/\/www.r2cpress.com.br\/v1\/wp-json\/wp\/v2\/posts"}],"about":[{"href":"https:\/\/www.r2cpress.com.br\/v1\/wp-json\/wp\/v2\/types\/post"}],"author":[{"embeddable":true,"href":"https:\/\/www.r2cpress.com.br\/v1\/wp-json\/wp\/v2\/users\/2"}],"replies":[{"embeddable":true,"href":"https:\/\/www.r2cpress.com.br\/v1\/wp-json\/wp\/v2\/comments?post=116421"}],"version-history":[{"count":1,"href":"https:\/\/www.r2cpress.com.br\/v1\/wp-json\/wp\/v2\/posts\/116421\/revisions"}],"predecessor-version":[{"id":116423,"href":"https:\/\/www.r2cpress.com.br\/v1\/wp-json\/wp\/v2\/posts\/116421\/revisions\/116423"}],"wp:attachment":[{"href":"https:\/\/www.r2cpress.com.br\/v1\/wp-json\/wp\/v2\/media?parent=116421"}],"wp:term":[{"taxonomy":"category","embeddable":true,"href":"https:\/\/www.r2cpress.com.br\/v1\/wp-json\/wp\/v2\/categories?post=116421"},{"taxonomy":"post_tag","embeddable":true,"href":"https:\/\/www.r2cpress.com.br\/v1\/wp-json\/wp\/v2\/tags?post=116421"}],"curies":[{"name":"wp","href":"https:\/\/api.w.org\/{rel}","templated":true}]}}