{"id":116480,"date":"2018-07-09T18:06:30","date_gmt":"2018-07-09T21:06:30","guid":{"rendered":"http:\/\/www.r2cpress.com.br\/v1\/?p=116480"},"modified":"2018-07-09T18:06:30","modified_gmt":"2018-07-09T21:06:30","slug":"ilheus-inicia-sistema-de-vistoria-no-transporte-coletivo","status":"publish","type":"post","link":"https:\/\/www.r2cpress.com.br\/v1\/2018\/07\/09\/ilheus-inicia-sistema-de-vistoria-no-transporte-coletivo\/","title":{"rendered":"Ilh\u00e9us inicia sistema de vistoria no transporte coletivo"},"content":{"rendered":"<p><a href=\"http:\/\/www.r2cpress.com.br\/v1\/wp-content\/uploads\/2015\/04\/ONIBUS-QUEBRADO-04.jpg\"><img loading=\"lazy\" class=\"size-medium wp-image-92806\" src=\"http:\/\/www.r2cpress.com.br\/v1\/wp-content\/uploads\/2015\/04\/ONIBUS-QUEBRADO-04-300x225.jpg\" alt=\"\" width=\"300\" height=\"225\" srcset=\"https:\/\/www.r2cpress.com.br\/v1\/wp-content\/uploads\/2015\/04\/ONIBUS-QUEBRADO-04-300x225.jpg 300w, https:\/\/www.r2cpress.com.br\/v1\/wp-content\/uploads\/2015\/04\/ONIBUS-QUEBRADO-04.jpg 550w\" sizes=\"(max-width: 300px) 100vw, 300px\" \/><\/a><\/p>\n<p>A Superintend\u00eancia Municipal de Transporte e Tr\u00e2nsito (Sutran) da Prefeitura de Ilh\u00e9us iniciou, nesta segunda-feira, 9, a vistoria de todos os ve\u00edculos que integram a frota do sistema de transporte coletivo no munic\u00edpio. O trabalho segue at\u00e9 o dia 20 de julho e \u00e9 realizado nas proximidades da Concha Ac\u00fastica, localizada na Avenida Soares Lopes. A fiscaliza\u00e7\u00e3o \u00e9 semestral e visa garantir maior seguran\u00e7a e conforto aos usu\u00e1rios do servi\u00e7o de transporte de passageiros urbano e rural.<\/p>\n<p>O diretor de Transporte e Tr\u00e2nsito da Sutran, Gilson Nascimento, convocou as empresas concession\u00e1rias do transporte coletivo, Viametro e S\u00e3o Miguel, para se apresentarem no prazo solicitado, das 8 \u00e0s 11 horas e das 14 \u00e0s 17 horas, de segunda a sexta-feira. \u201cO objetivo da fiscaliza\u00e7\u00e3o \u00e9 verificar as condi\u00e7\u00f5es da frota dos \u00f4nibus e garantir melhores condi\u00e7\u00f5es de uso para a popula\u00e7\u00e3o\u201d, acrescentou.<\/p>\n<p>Os ve\u00edculos a serem vistoriados, dever\u00e3o apresentar os seguintes documentos originais: CRLV \u2013 Certificado de Registro e Licenciamento Veicular; CNH \u2013 Carteira Nacional de Habilita\u00e7\u00e3o do motorista; Tabela Hor\u00e1ria do ve\u00edculo; e documento que comprove sua disponibilidade para o munic\u00edpio.<\/p>\n<p>O n\u00e3o atendimento a esta convoca\u00e7\u00e3o, implicar\u00e1 em penalidades previstas no contrato com as concession\u00e1rias. Os ve\u00edculos que possu\u00edrem infra\u00e7\u00f5es, ter\u00e3o o prazo de 72 horas para sanar as pend\u00eancias e a reapresentar o ve\u00edculo, sob pena de serem retidos, de acordo com a legisla\u00e7\u00e3o vigente municipal, estadual e federal.<\/p>\n<p><em>*Informa\u00e7\u00f5es da Prefeitura de Ilh\u00e9us.<\/em><\/p>\n","protected":false},"excerpt":{"rendered":"<p>A Superintend\u00eancia Municipal de Transporte e Tr\u00e2nsito (Sutran) da Prefeitura de Ilh\u00e9us iniciou, nesta segunda-feira, 9, a vistoria de todos os ve\u00edculos que integram a frota do sistema de transporte coletivo no munic\u00edpio. O trabalho segue at\u00e9 o dia 20 de julho e \u00e9 realizado nas proximidades da Concha Ac\u00fastica, localizada na Avenida Soares Lopes. [&hellip;]<\/p>\n","protected":false},"author":2,"featured_media":0,"comment_status":"open","ping_status":"open","sticky":false,"template":"","format":"standard","meta":{"_links_to":"","_links_to_target":""},"categories":[1],"tags":[],"_links":{"self":[{"href":"https:\/\/www.r2cpress.com.br\/v1\/wp-json\/wp\/v2\/posts\/116480"}],"collection":[{"href":"https:\/\/www.r2cpress.com.br\/v1\/wp-json\/wp\/v2\/posts"}],"about":[{"href":"https:\/\/www.r2cpress.com.br\/v1\/wp-json\/wp\/v2\/types\/post"}],"author":[{"embeddable":true,"href":"https:\/\/www.r2cpress.com.br\/v1\/wp-json\/wp\/v2\/users\/2"}],"replies":[{"embeddable":true,"href":"https:\/\/www.r2cpress.com.br\/v1\/wp-json\/wp\/v2\/comments?post=116480"}],"version-history":[{"count":1,"href":"https:\/\/www.r2cpress.com.br\/v1\/wp-json\/wp\/v2\/posts\/116480\/revisions"}],"predecessor-version":[{"id":116481,"href":"https:\/\/www.r2cpress.com.br\/v1\/wp-json\/wp\/v2\/posts\/116480\/revisions\/116481"}],"wp:attachment":[{"href":"https:\/\/www.r2cpress.com.br\/v1\/wp-json\/wp\/v2\/media?parent=116480"}],"wp:term":[{"taxonomy":"category","embeddable":true,"href":"https:\/\/www.r2cpress.com.br\/v1\/wp-json\/wp\/v2\/categories?post=116480"},{"taxonomy":"post_tag","embeddable":true,"href":"https:\/\/www.r2cpress.com.br\/v1\/wp-json\/wp\/v2\/tags?post=116480"}],"curies":[{"name":"wp","href":"https:\/\/api.w.org\/{rel}","templated":true}]}}