{"id":116614,"date":"2018-07-16T10:56:02","date_gmt":"2018-07-16T13:56:02","guid":{"rendered":"http:\/\/www.r2cpress.com.br\/v1\/?p=116614"},"modified":"2018-07-16T10:56:02","modified_gmt":"2018-07-16T13:56:02","slug":"a-ong-enaultinho-rocha-na-busca-de-conscientizar-a-populacao-para-o-cadastro-de-doador-de-medula-ossea-lanca-o-projeto-a-voz-do-doador-e-do-transplantado-4","status":"publish","type":"post","link":"https:\/\/www.r2cpress.com.br\/v1\/2018\/07\/16\/a-ong-enaultinho-rocha-na-busca-de-conscientizar-a-populacao-para-o-cadastro-de-doador-de-medula-ossea-lanca-o-projeto-a-voz-do-doador-e-do-transplantado-4\/","title":{"rendered":"A ONG ENAULTINHO ROCHA na busca de conscientizar a popula\u00e7\u00e3o para o CADASTRO de doador de Medula \u00d3ssea, lan\u00e7a o projeto, &#8220;A voz do Doador e do Transplantado!"},"content":{"rendered":"<p style=\"text-align: center;\"><strong><a href=\"http:\/\/www.r2cpress.com.br\/v1\/wp-content\/uploads\/2018\/06\/enautinho-rocha.jpg\"><img loading=\"lazy\" class=\"aligncenter size-medium wp-image-116283\" src=\"http:\/\/www.r2cpress.com.br\/v1\/wp-content\/uploads\/2018\/06\/enautinho-rocha-300x167.jpg\" alt=\"\" width=\"300\" height=\"167\" srcset=\"https:\/\/www.r2cpress.com.br\/v1\/wp-content\/uploads\/2018\/06\/enautinho-rocha-300x167.jpg 300w, https:\/\/www.r2cpress.com.br\/v1\/wp-content\/uploads\/2018\/06\/enautinho-rocha-768x427.jpg 768w, https:\/\/www.r2cpress.com.br\/v1\/wp-content\/uploads\/2018\/06\/enautinho-rocha.jpg 960w\" sizes=\"(max-width: 300px) 100vw, 300px\" \/><\/a><\/strong><\/p>\n<p style=\"text-align: center;\"><strong>FRANCISCO MENDES, DOADOR!<\/strong><\/p>\n<p><a href=\"http:\/\/www.r2cpress.com.br\/v1\/wp-content\/uploads\/2018\/07\/TRANSPLANTADO.jpg\"><img loading=\"lazy\" class=\"aligncenter  wp-image-116615\" src=\"http:\/\/www.r2cpress.com.br\/v1\/wp-content\/uploads\/2018\/07\/TRANSPLANTADO-300x300.jpg\" alt=\"\" width=\"233\" height=\"233\" srcset=\"https:\/\/www.r2cpress.com.br\/v1\/wp-content\/uploads\/2018\/07\/TRANSPLANTADO-300x300.jpg 300w, https:\/\/www.r2cpress.com.br\/v1\/wp-content\/uploads\/2018\/07\/TRANSPLANTADO-150x150.jpg 150w, https:\/\/www.r2cpress.com.br\/v1\/wp-content\/uploads\/2018\/07\/TRANSPLANTADO.jpg 640w\" sizes=\"(max-width: 233px) 100vw, 233px\" \/><\/a>&#8211; Nome completo?Francisco Mendes Ferreira Neto<\/p>\n<p>&#8211; Onde reside? Sua idade?Salvador . 37 anos<\/p>\n<p>&#8211; Sua profiss\u00e3o?Onde trabalha? Medico Ortopedista, Cirurgi\u00e3o de Joelho<\/p>\n<p>-Estado civil? Tem filhos? Quantos? Sexo? Casado, 1 filha chamada J\u00falia<\/p>\n<p>&#8211; Quando foi a sua doa\u00e7\u00e3o? 13 de maio de 2015<\/p>\n<p>&#8211; Como se sentiu quando soube que era compat\u00edvel? No meu caso foi um pouco diferente do habitual. Quando descobrimos que minha irm\u00e3 Andr\u00e9a estava com Leucemia, buscamos de imediato avaliar nossa histocompatibilidade (HLA) para uma poss\u00edvel doa\u00e7\u00e3o de medula \u00f3ssea, por\u00e9m minha compatibilidade foi de apenas 50%. Devido a dificuldade de encontrar um doador 100% compat\u00edvel, foi optado pelos m\u00e9dicos , realizar um transplante haploidentico, ou seja, entre irm\u00e3os ou pais com 50% de compatibilidade. Fiquei muito feliz em saber que seria o escolhido para esta miss\u00e3o t\u00e3o nobre! Sempre tive certeza que daria certo.<\/p>\n<p>&#8211; Onde foi sua doa\u00e7\u00e3o?Hospital Alem\u00e3o Oswaldo Cruz \u2013 S\u00e3o Paulo<\/p>\n<p>&#8211; Quanto tempo durou? Foi por Af\u00e9reseou por pun\u00e7\u00e3o? A coleta da minha medula \u00f3ssea durou aproximadamente 40 minutos, e foi realizada por pun\u00e7\u00e3o no osso da Bacia. Procedimento muito simples e seguro.<!--more--><\/p>\n<p>&#8211; Voc\u00ea sentiu dor?Senti dor bem leve, a qual melhorou com analg\u00e9sicos comuns.Em 3 dias, eu j\u00e1 estava trabalhando e exercendo meus h\u00e1bitos de vida di\u00e1rio.<\/p>\n<p>&#8211; Como a equipe do REDOME te recebeu?Infelizmente minha doa\u00e7\u00e3o n\u00e3o foi pelo Redome, pois n\u00e3o encontramos o doador. Mas j\u00e1 tive informa\u00e7\u00f5es que o Redome sempre recebe o doador com muito carinho e aten\u00e7\u00e3o.<\/p>\n<p>-Se for compat\u00edvel com mais algu\u00e9m, far\u00e1 outra doa\u00e7\u00e3o?Este \u00e9 um grande desejo que tenho todos os dias. Farei quantas doa\u00e7\u00f5es forem poss\u00edveis para poder salvar vidas.<\/p>\n<p>&#8211; A sua cidade se movimenta para campanha de cadastro de MO?Foi realizada uma grande campanha na minha cidade Ilh\u00e9us, sob a coordena\u00e7\u00e3o do grande amigo enviado por Deus, Sr. Enault Freitas, junto com amigos, familiares e pessoas do bem. Em cerca de 3 dias foram cadastrados 3.681 pessoas para serem doadores volunt\u00e1rios de Medula \u00d3ssea. Uma campanha linda feitas por pessoas especias , as quais sempre serei grato.<\/p>\n<p>&#8211; Depois da sua doa\u00e7\u00e3o tem incentivado outras pessoas a se cadastrarem?O incentivo ao cadastro de novos doadores \u00e9 a minha miss\u00e3o de vida.<\/p>\n<p>Infelizmente ainda h\u00e1 muito desconhecimento sobre o tema. Precisamos desmistificar e abrir os cora\u00e7\u00f5es das pessoas sobre a import\u00e2ncia de serem solid\u00e1rios com o pr\u00f3ximo.<\/p>\n<p>&#8211; Como fica sua consci\u00eancia daqui pra frente como doador?Minha consci\u00eancia e meu cora\u00e7\u00e3o est\u00e3o felizes. Faria tudo novamente para salvar uma das pessoas que mais amo na vida.<\/p>\n<p>&#8211; Voc\u00ea j\u00e1 sabe quem foi seu(receptor (a)? J\u00e1 esteve com ele(a)? Tem interesse de conhecer?Meu receptor foi minha irm\u00e3 Andr\u00e9a Mendes<\/p>\n<p>&#8211; O que voc\u00ea dir\u00e1 para esta pessoa?Voc\u00ea \u00e9 um exemplo de amor, for\u00e7a, garra e determina\u00e7\u00e3o. Nos ensinou como ser forte diante das dificuldades. Minha medula \u00f3ssea certamente tinha muito mais do que 50% de compatibilidade, pois havia muito amor e certeza que tudo daria certo.<\/p>\n<p>&#8211; Voc\u00ea nos autoriza a publicar esta reportagem com sua foto? Poderemos conscientizar outros a serem doadores!Sim<\/p>\n<p>&#8211; Pode deixar uma mensagem de incentivo? Queridos amigos, n\u00e3o h\u00e1 nada mais nobre na vida do que ser solid\u00e1rio com o pr\u00f3ximo e ajudar quem precisa. Por isso, solicito a voc\u00eas que v\u00e1 ao hemocentro de sua cidade, e solicite o cadastro no Redome, para serem doadores de medula \u00f3ssea. Ser\u00e1 colhido apenas 5 ml de sangue, e voc\u00ea poder\u00e1 ser o anjo da guarda de algu\u00e9m caso haja compatibilidade com quem precisa.<\/p>\n<p>&#8211; Qual a sua mensagem para as pessoas que se cadastraram e tem se negado ou n\u00e3o se atualizam junto ao REDOME?N\u00e3o vamos pensar somente na gente, pois n\u00e3o sabemos o dia do amanh\u00e3. A compatibilidade \u00e9 muito dif\u00edcil , cerca de 1 para 100 mil pessoas, ent\u00e3o n\u00e3o se recuse a doar. Quando adoece algu\u00e9m, adoece tamb\u00e9m uma fam\u00edlia inteira. Quando voc\u00ea salva algu\u00e9m, voc\u00ea tamb\u00e9m salva toda uma fam\u00edlia. Doe vida em vida!<\/p>\n<p>A ONG ENAULTINHO ROCHA te agradece e pede a DEUS que te aben\u00e7oe e proteja! Um abra\u00e7o meu amigo!<\/p>\n<p>Enault Freitas<\/p>\n<p>Presidente<\/p>\n","protected":false},"excerpt":{"rendered":"<p>FRANCISCO MENDES, DOADOR! &#8211; Nome completo?Francisco Mendes Ferreira Neto &#8211; Onde reside? Sua idade?Salvador . 37 anos &#8211; Sua profiss\u00e3o?Onde trabalha? Medico Ortopedista, Cirurgi\u00e3o de Joelho -Estado civil? Tem filhos? Quantos? Sexo? Casado, 1 filha chamada J\u00falia &#8211; Quando foi a sua doa\u00e7\u00e3o? 13 de maio de 2015 &#8211; Como se sentiu quando soube que [&hellip;]<\/p>\n","protected":false},"author":2,"featured_media":0,"comment_status":"open","ping_status":"open","sticky":false,"template":"","format":"standard","meta":{"_links_to":"","_links_to_target":""},"categories":[10],"tags":[],"_links":{"self":[{"href":"https:\/\/www.r2cpress.com.br\/v1\/wp-json\/wp\/v2\/posts\/116614"}],"collection":[{"href":"https:\/\/www.r2cpress.com.br\/v1\/wp-json\/wp\/v2\/posts"}],"about":[{"href":"https:\/\/www.r2cpress.com.br\/v1\/wp-json\/wp\/v2\/types\/post"}],"author":[{"embeddable":true,"href":"https:\/\/www.r2cpress.com.br\/v1\/wp-json\/wp\/v2\/users\/2"}],"replies":[{"embeddable":true,"href":"https:\/\/www.r2cpress.com.br\/v1\/wp-json\/wp\/v2\/comments?post=116614"}],"version-history":[{"count":1,"href":"https:\/\/www.r2cpress.com.br\/v1\/wp-json\/wp\/v2\/posts\/116614\/revisions"}],"predecessor-version":[{"id":116616,"href":"https:\/\/www.r2cpress.com.br\/v1\/wp-json\/wp\/v2\/posts\/116614\/revisions\/116616"}],"wp:attachment":[{"href":"https:\/\/www.r2cpress.com.br\/v1\/wp-json\/wp\/v2\/media?parent=116614"}],"wp:term":[{"taxonomy":"category","embeddable":true,"href":"https:\/\/www.r2cpress.com.br\/v1\/wp-json\/wp\/v2\/categories?post=116614"},{"taxonomy":"post_tag","embeddable":true,"href":"https:\/\/www.r2cpress.com.br\/v1\/wp-json\/wp\/v2\/tags?post=116614"}],"curies":[{"name":"wp","href":"https:\/\/api.w.org\/{rel}","templated":true}]}}