{"id":116617,"date":"2018-07-16T11:00:54","date_gmt":"2018-07-16T14:00:54","guid":{"rendered":"http:\/\/www.r2cpress.com.br\/v1\/?p=116617"},"modified":"2018-07-16T11:00:54","modified_gmt":"2018-07-16T14:00:54","slug":"10a-edicao-do-chocolat-bahia-festival-internacional-do-chocolate-e-cacau-em-ilheus","status":"publish","type":"post","link":"https:\/\/www.r2cpress.com.br\/v1\/2018\/07\/16\/10a-edicao-do-chocolat-bahia-festival-internacional-do-chocolate-e-cacau-em-ilheus\/","title":{"rendered":"10\u00aa edi\u00e7\u00e3o do Chocolat Bahia \u2013 Festival Internacional do Chocolate e Cacau em Ilh\u00e9us"},"content":{"rendered":"<p><img loading=\"lazy\" class=\"alignnone \" src=\"http:\/\/www.agravo.blog.br\/wp-content\/uploads\/2015\/08\/Cacau-e-chocolate.jpg\" width=\"441\" height=\"295\" \/><\/p>\n<p>O maior evento de chocolate do Brasil ser\u00e1 realizado entre os dias 18 e 22 de julho, com grandes nomes nacionais e internacionais, no Centro de Conven\u00e7\u00f5es de Ilh\u00e9us, na Bahia. Durante cinco dias, o Festival Internacional do Chocolate e do Cacau reunir\u00e1 mais de 40 marcas de chocolate e derivados de cacau e cerca de 120 expositores na Feira do Centro de Conven\u00e7\u00f5es de Ilh\u00e9us, al\u00e9m de promover cursos de capacita\u00e7\u00e3o, debates sobre temas do setor, rodadas de neg\u00f3cios e palestras ministradas por especialistas internacionais. A entrada \u00e9 gratuita.<\/p>\n<p>Entre os destaques da 10\u00ba edi\u00e7\u00e3o, est\u00e3o o VI F\u00f3rum Brasileiro do Cacau, que conta com pain\u00e9is de palestrantes nacionais e internacionais discutindo as tend\u00eancias do mundo do chocolate. O f\u00f3rum acontece no dia 20 de julho e o ChocoDay no dia 21, e as inscri\u00e7\u00f5es poder\u00e3o ser feitas atrav\u00e9s do site\u00a0<a href=\"http:\/\/www.chocolatfestival.com\/bahia\/2018\" target=\"_blank\" rel=\"noopener noreferrer\"><strong>www.chocolatfestival.com\/bahia\/2018<\/strong><\/a>. No mesmo segmento, marcas de chocolate de origem e derivados do Cacau poder\u00e3o ser visitadas na Feira do Chocolate, que acontece durante todo o evento. No dia 18, das 19h \u00e0s 22h; e de 19 a 22 de julho, das 15h \u00e0s 22h. Workshops e cursos de gastronomia com receitas \u00e0 base de chocolate tamb\u00e9m est\u00e3o na programa\u00e7\u00e3o.<\/p>\n<p>As crian\u00e7as garantem espa\u00e7o no evento com a Cozinha Kids. De 19 a 22 de julho, o espa\u00e7o funcionar\u00e1 com recrea\u00e7\u00f5es e minicursos para crian\u00e7as, com dura\u00e7\u00e3o m\u00e9dia de 30 minutos. As inscri\u00e7\u00f5es podem ser feitas no local e a taxa \u00e9 de R$ 10.<\/p>\n<p>O Chocolat Bahia \u2013 10\u00ba Festival Internacional do Chocolate e Cacau conta com o apoio do Estado da Bahia atrav\u00e9s das secretarias do Turismo, do Desenvolvimento Rural e CAR, de Agricultura, de Ci\u00eancias Tecnologia e Informa\u00e7\u00e3o e apoio financeiro do Fundo de Cultura, Secretaria da Fazenda e Secretaria de Cultura da Bahia, assim como da Prefeitura Municipal de Ilh\u00e9us, UESC, UESC, CEPLAC, IFBA, BahiaG\u00e1s, FIEB, Sebrae, Unique, entre outras institui\u00e7\u00f5es, e conta com a realiza\u00e7\u00e3o da MVU Eventos, detentora da marca para o Brasil e exterior.<\/p>\n","protected":false},"excerpt":{"rendered":"<p>O maior evento de chocolate do Brasil ser\u00e1 realizado entre os dias 18 e 22 de julho, com grandes nomes nacionais e internacionais, no Centro de Conven\u00e7\u00f5es de Ilh\u00e9us, na Bahia. Durante cinco dias, o Festival Internacional do Chocolate e do Cacau reunir\u00e1 mais de 40 marcas de chocolate e derivados de cacau e cerca [&hellip;]<\/p>\n","protected":false},"author":2,"featured_media":0,"comment_status":"open","ping_status":"open","sticky":false,"template":"","format":"standard","meta":{"_links_to":"","_links_to_target":""},"categories":[1],"tags":[],"_links":{"self":[{"href":"https:\/\/www.r2cpress.com.br\/v1\/wp-json\/wp\/v2\/posts\/116617"}],"collection":[{"href":"https:\/\/www.r2cpress.com.br\/v1\/wp-json\/wp\/v2\/posts"}],"about":[{"href":"https:\/\/www.r2cpress.com.br\/v1\/wp-json\/wp\/v2\/types\/post"}],"author":[{"embeddable":true,"href":"https:\/\/www.r2cpress.com.br\/v1\/wp-json\/wp\/v2\/users\/2"}],"replies":[{"embeddable":true,"href":"https:\/\/www.r2cpress.com.br\/v1\/wp-json\/wp\/v2\/comments?post=116617"}],"version-history":[{"count":2,"href":"https:\/\/www.r2cpress.com.br\/v1\/wp-json\/wp\/v2\/posts\/116617\/revisions"}],"predecessor-version":[{"id":116619,"href":"https:\/\/www.r2cpress.com.br\/v1\/wp-json\/wp\/v2\/posts\/116617\/revisions\/116619"}],"wp:attachment":[{"href":"https:\/\/www.r2cpress.com.br\/v1\/wp-json\/wp\/v2\/media?parent=116617"}],"wp:term":[{"taxonomy":"category","embeddable":true,"href":"https:\/\/www.r2cpress.com.br\/v1\/wp-json\/wp\/v2\/categories?post=116617"},{"taxonomy":"post_tag","embeddable":true,"href":"https:\/\/www.r2cpress.com.br\/v1\/wp-json\/wp\/v2\/tags?post=116617"}],"curies":[{"name":"wp","href":"https:\/\/api.w.org\/{rel}","templated":true}]}}