{"id":116714,"date":"2018-07-23T11:47:04","date_gmt":"2018-07-23T14:47:04","guid":{"rendered":"http:\/\/www.r2cpress.com.br\/v1\/?p=116714"},"modified":"2018-07-23T11:47:04","modified_gmt":"2018-07-23T14:47:04","slug":"decolores-primeiro-milagre-de-padre-cicero-em-ilheus","status":"publish","type":"post","link":"https:\/\/www.r2cpress.com.br\/v1\/2018\/07\/23\/decolores-primeiro-milagre-de-padre-cicero-em-ilheus\/","title":{"rendered":"DECOLORES: PRIMEIRO MILAGRE DE PADRE CICERO EM ILH\u00c9US"},"content":{"rendered":"<p><img loading=\"lazy\" class=\"alignnone \" src=\"http:\/\/www.r2cpress.com.br\/v1\/wp-content\/uploads\/2017\/12\/IMG-20171222-WA0010-208x300.jpg\" width=\"121\" height=\"175\" \/><\/p>\n<div id=\"x_divtagdefaultwrapper\" dir=\"ltr\">\n<p class=\"x_MsoNormal\" style=\"text-align: left;\">Como \u00e9 do conhecimento de todos Ilheenses o nosso amigo Z\u00e9 Leite \u00e9 um fervoroso devoto de Padre C\u00edcero Rom\u00e3o Batista. Trimestralmente ele vai a Juazeiro do Norte levar sua oferta financeira em beneficio da Beatifica\u00e7\u00e3o do referido Padre que poder\u00e1 acontecer ainda este ano.<\/p>\n<p class=\"x_MsoNormal\" style=\"text-align: left;\">Recentemente o nosso amigo Z\u00e9 Leite de tanto clamar por Padre C\u00edcero por um milagre, foi convidado para participar de um sorteio de uma mega televis\u00e3o e surpreendentemente foi contemplado deixando muita gente surpresa devido a tamanha f\u00e9 e o milagre que foi operado.<\/p>\n<p class=\"x_MsoNormal\" style=\"text-align: left;\">Entrevistado por uma emissora\u00a0\u00a0local,\u00a0\u00a0Z\u00e9 Leite prometeu\u00a0\u00a0fazer uma rifa da mega televis\u00e3o cuja renda ser\u00e1 destinada para a comiss\u00e3o em prol da Beatifica\u00e7\u00e3o do Padre C\u00edcero. Gesto de generosidade e considerado pelos devotos um verdadeiro exemplo de f\u00e9.<\/p>\n<p class=\"x_MsoNormal\" style=\"text-align: left;\">Para quem n\u00e3o conhece a historia do Padre C\u00edcero, irei transcrever para os amigos blogueiros e leitores :\u00a0 \u00a0 \u00a0 \u00a0 \u00a0 \u00a0 \u00a0 \u00a0 \u00a0 \u00a0 \u00a0 \u00a0 \u00a0<b>Padre C\u00edcero Rom\u00e3o Batista nasceu em Crato (Ceara) no dia 24 de marco de 1844. Aos seis anos de idade, come\u00e7ou a estudar. Um fato importante marcou a sua inf\u00e2ncia: o voto de castidade, feito aos 12 anos, influenciado pela leitura da vida de S\u00e3o Francisco de Sales. Em 1865, quando C\u00edcero Rom\u00e3o Batista precisou ingressar no Semin\u00e1rio da Prainha em Fortaleza, s\u00f3 o fez gra\u00e7as \u00e0 ajuda de seu padrinho de crisma, o Coronel Antonio Luiz Alves Pequeno. <\/b><\/p>\n<p class=\"x_MsoNormal\" style=\"text-align: left;\"><b>Padre C\u00edcero foi ordenado e ap\u00f3s sua ordena\u00e7\u00e3o retornou ao Crato. Em 1871 Padre C\u00edcero visitou pela primeira vez o povoado de Juazeiro (ent\u00e3o pertencente a Crato), e a\u00ed celebrou a tradicional Missa do Galo. O Padre visitante de 28 anos de idade, estatura baixa, pele branca, cabelos louros, olhos azuis penetrantes e voz modulado causou boa impress\u00e3o aos habitantes do lugar. E a rec\u00edproca foi verdadeira. Por isso, decorridos alguns meses, exatamente em abril de 1872, l\u00e1 estava de volta, com bagagem e fam\u00edlia, para fixar resid\u00eancia definitiva em Juazeiro. Muitos livros afirmam que Padre C\u00edcero resolveu fixar morada em Juazeiro devido a um sonho (ou vis\u00e3o) que teve, segundo o qual certa vez, ao anoitecer de um dia exaustivo, ap\u00f3s ter passado horas a fio no confession\u00e1rio do arraial, ele procurou descansar no quarto cont\u00edguo \u00e0 sala de aulas da escolinha, onde improvisaram seu alojamento, quando caiu no sono e na vis\u00e3o que mudaria seu destino se revelou.<\/b><\/p>\n<p class=\"x_MsoNormal\" style=\"text-align: left;\"><b> Ele viu, conforme relatou aos amigos \u00edntimos, Jesus Cristo e os doze ap\u00f3stolos sentados \u00e0 mesa, numa disposi\u00e7\u00e3o que lembra a \u00daltima Ceia, de Leonardo da Vinci. De repente, adentra ao local uma multid\u00e3o de pessoas carregando seus parcos pertences em pequenas trouxas, a exemplo dos retirantes nordestinos. Cristo, virando-se para os famintos, falou de sua decep\u00e7\u00e3o com a humanidade, mas disse estar disposto ainda a fazer um\u00a0\u00a0\u00faltimo sacrif\u00edcio para salvar\u00a0o mundo. Por\u00e9m, se os homens n\u00e3o se arrependessem depressa, Ele acabaria com tudo de uma vez. Naquele momento Ele apontou para os pobres e, voltando-se inesperadamente ordenou: E voc\u00ea Padre C\u00edcero, tome conta deles! <\/b><\/p>\n<p class=\"x_MsoNormal\" style=\"text-align: left;\"><b>Uma vez instalado no lugarejo, formado por um pequeno aglomerado de casas de taipa e uma capelinha erigida pelo primeiro capel\u00e3o Padre Pedro Ribeiro de Carvalho, em honra de Nossa Senhora das Dores Padroeira do lugar, ele tratou inicialmente de melhorar o aspecto da capelinha, adquirindo v\u00e1rias imagens com as esmolas dadas pelos fi\u00e9is. Depois, tocado pelo ardente desejo de conquistar o povo que lhe fora confiado por Deus, desenvolveu intenso trabalho pastoral com prega\u00e7\u00e3o, conselhos e visitas domiciliares, como nunca se tinha visto na Regi\u00e3o. Dessa maneira, rapidamente ganhou a simpatia dos habitantes, passando a exercer grande lideran\u00e7a na comunidade.<\/b><\/p>\n<p class=\"x_MsoNormal\" style=\"text-align: left;\"><b>Paralelamente, agindo com muita austeridade, cuidou de moralizar os costumes da popula\u00e7\u00e3o, acabando pessoalmente com os excessos de bebedeira e prostitui\u00e7\u00e3o. Restaurada a harmonia, o povoado experimentou, ent\u00e3o, os primeiros passos de crescimento, atraindo gente da vizinhan\u00e7a, curiosa\u00a0para conhecer o novo Capel\u00e3o.<\/b><\/p>\n<p style=\"text-align: left;\">\n<\/div>\n<div id=\"x_divtagdefaultwrapper\" dir=\"ltr\">\n<p class=\"x_MsoNormal\" style=\"text-align: left;\"><b>Colabora\u00e7\u00e3o de Luiz Castro<\/b><\/p>\n<p class=\"x_MsoNormal\" style=\"text-align: left;\"><b>Bacharel\u00a0\u00a0Administra\u00e7\u00e3o de Empresa<\/b><\/p>\n<p class=\"x_MsoNormal\" style=\"text-align: left;\"><b>\u00a0<\/b><\/p>\n<p class=\"x_MsoNormal\" style=\"text-align: left;\"><b>\u00a0<\/b><\/p>\n<p class=\"x_MsoNormal\"><b>\u00a0<\/b><\/p>\n<p class=\"x_MsoNormal\">\n<p class=\"x_MsoNormal\">\n<\/div>\n<p><!--more--><\/p>\n<p><!--more--><\/p>\n","protected":false},"excerpt":{"rendered":"<p>Como \u00e9 do conhecimento de todos Ilheenses o nosso amigo Z\u00e9 Leite \u00e9 um fervoroso devoto de Padre C\u00edcero Rom\u00e3o Batista. Trimestralmente ele vai a Juazeiro do Norte levar sua oferta financeira em beneficio da Beatifica\u00e7\u00e3o do referido Padre que poder\u00e1 acontecer ainda este ano. Recentemente o nosso amigo Z\u00e9 Leite de tanto clamar por [&hellip;]<\/p>\n","protected":false},"author":2,"featured_media":0,"comment_status":"open","ping_status":"open","sticky":false,"template":"","format":"standard","meta":{"_links_to":"","_links_to_target":""},"categories":[1],"tags":[],"_links":{"self":[{"href":"https:\/\/www.r2cpress.com.br\/v1\/wp-json\/wp\/v2\/posts\/116714"}],"collection":[{"href":"https:\/\/www.r2cpress.com.br\/v1\/wp-json\/wp\/v2\/posts"}],"about":[{"href":"https:\/\/www.r2cpress.com.br\/v1\/wp-json\/wp\/v2\/types\/post"}],"author":[{"embeddable":true,"href":"https:\/\/www.r2cpress.com.br\/v1\/wp-json\/wp\/v2\/users\/2"}],"replies":[{"embeddable":true,"href":"https:\/\/www.r2cpress.com.br\/v1\/wp-json\/wp\/v2\/comments?post=116714"}],"version-history":[{"count":1,"href":"https:\/\/www.r2cpress.com.br\/v1\/wp-json\/wp\/v2\/posts\/116714\/revisions"}],"predecessor-version":[{"id":116715,"href":"https:\/\/www.r2cpress.com.br\/v1\/wp-json\/wp\/v2\/posts\/116714\/revisions\/116715"}],"wp:attachment":[{"href":"https:\/\/www.r2cpress.com.br\/v1\/wp-json\/wp\/v2\/media?parent=116714"}],"wp:term":[{"taxonomy":"category","embeddable":true,"href":"https:\/\/www.r2cpress.com.br\/v1\/wp-json\/wp\/v2\/categories?post=116714"},{"taxonomy":"post_tag","embeddable":true,"href":"https:\/\/www.r2cpress.com.br\/v1\/wp-json\/wp\/v2\/tags?post=116714"}],"curies":[{"name":"wp","href":"https:\/\/api.w.org\/{rel}","templated":true}]}}