{"id":116737,"date":"2018-07-24T20:01:10","date_gmt":"2018-07-24T23:01:10","guid":{"rendered":"http:\/\/www.r2cpress.com.br\/v1\/?p=116737"},"modified":"2018-07-24T20:01:10","modified_gmt":"2018-07-24T23:01:10","slug":"noticias-da-avep-108","status":"publish","type":"post","link":"https:\/\/www.r2cpress.com.br\/v1\/2018\/07\/24\/noticias-da-avep-108\/","title":{"rendered":"NOT\u00cdCIAS DA AVEP"},"content":{"rendered":"<p style=\"text-align: center;\"><strong>12\u00aa RODADA DE EMPATE E VIT\u00d3RIA DO CAPIT\u00c3O MELGA\u00c7O<\/strong><\/p>\n<p><a href=\"http:\/\/www.r2cpress.com.br\/v1\/wp-content\/uploads\/2018\/04\/heckel.jpg\"><img loading=\"lazy\" class=\"size-medium wp-image-115152 alignleft\" src=\"http:\/\/www.r2cpress.com.br\/v1\/wp-content\/uploads\/2018\/04\/heckel-300x129.jpg\" alt=\"\" width=\"300\" height=\"129\" \/><\/a>A Associa\u00e7\u00e3o dos Veteranos de Esporte Praiano \u2013AVEP, entidade quase centen\u00e1ria de \u201cbabas de praia\u201d em atividade de Ilh\u00e9us, realizou domingo(15) pela manh\u00e3 a 12\u00aa rodada desta referida modalidade esportiva de sua Temporada 2018, como de praxe, na praia da Avenida Soares Lopes(bem defronte do espa\u00e7o cultural Tenda Teatro Popular de Ilh\u00e9us). No Campo Grimaldo houve empate de 3 a 3 entre as equipes dos capit\u00e3es Alvinho e Lu\u00eds Eduardo (gols de Alex de Moises, Wendell da Autoescola e Paulo Melo para a do primeiro capit\u00e3o e Paulinho da AFC, Ralio da Contabilidade e Ismar Landgol para a do segundo). No Campo Martial venceu o time comandado pelo Capit\u00e3o Melga\u00e7o ao do dirigido pelo Capit\u00e3o Nilton do BB pelo placar de 5 a 3, marcando Tabosa do Ofert\u00e3o(2), Larocca Delega(2) e Duda Pantera para o vencedor e Silvio Reis, Alan Firula e Paulo Melo para o perdedor. Os \u201cbabas\u2019 foram apitados por Ant\u00f4nio Cesar Tavares (Campo Grimaldo) e Ronivon Pereira Dias sem nenhum tiroteio em n\u00edvel do Rio de Janeiro em cima da dupla arbitral por parte dos participantes. Ambos pertencem ao quadro de \u00e1rbitros da Liga Ilheense de Futebol. Receberam Cart\u00e3o Amarelo: Zezinho da Baixa Fria e Lu\u00eds Humberto; Cart\u00e3o Azul: Adauto Negocinho e Lu\u00eds Eduardo<!--more--><\/p>\n<p>Equipes no Campo Grimaldo:<\/p>\n<p>(Cap. Alvinho): Goleiro Fernando, Alvinho, Vado do Bradesco(Gutemberg Trator entrou no intervalo), Sizinio do Remo(Marcondes Corretor entrou no intervalo) e Passos de Uru\u00e7uca(Gilson entrou no intervalo); Eliandro Picol\u00e9(Paulo Melo entrou no intervalo), Adauto Negocinho, Renatinho dos Leais, Wendell da Autoescola, Paulo Carqueija(Danilo entrou no intervalo) e Alex de Moises<\/p>\n<p>(Cap. Lu\u00eds Eduardo): Goleiro Rosivaldo, Junior Murta, Waldemar da Codeba(Dinho da Van entrou no intervalo), Haroldo(Souza da Pol\u00edcia entrou no intervalo) e Z\u00e9 Eduardo(Ismar Landgol entrou no intervalo), Silva, Lu\u00eds Eduardo(Carl\u00e3o do Taxi entrou no intervalo), Ralio da Contabilidade, Zezinho da Baixa Fria(Paulo Gois do Bradesco entrou no intervalo), Paulinho da AFC e Mario Filho<\/p>\n<p>Equipes no Campo Martial:<\/p>\n<p>(Cap. Melga\u00e7o): Goleiro Marcelo, Galletti da Rio de Engenho, Torisco do HSBC(Marconi entrou no intervalo), Cesinha da Nacional(Lu\u00eds Humberto entrou no intervalo) e Bira da Pol\u00edcia; Daniel Murta, Sena, Melga\u00e7o, Larocca Delaga, Tabosa do Ofert\u00e3o e Duda Pantera<\/p>\n<p>(Cap. Nilton do BB): Goleiro Ricardo, Prof. Jorge Reis, Lu\u00eds M\u00e1rio Garotinho, Silvio Reis(Cesar II entrou no intervalo) e Eduardo Japon\u00eas; Geraldo da Ceplac, Nilton do BB, Robson, Silmar Espanhol, Alan Firula e Eldon do Ofert\u00e3o<\/p>\n<p>COMENT\u00c1RIOS<\/p>\n<p>Os observadores mais uma vez ressaltaram que houve dois bons \u201cbabas\u201d jogados pela Temporada 2018 da AVEP. Quanto \u00e0s atua\u00e7\u00f5es individuais, n\u00e3o chegaram apontar nenhum atleta, s\u00f3 destacaram a volta do meia avan\u00e7ado Renatinho dos Leais, atual diretor de esporte avepiano, parado \u2013por contus\u00e3o no joelho direito, inclusive submetido a cirurgia\u2013 por mais de um ano e que apesar de fora de ritmo, jogara um bom futebol.<\/p>\n<p>NOTAS<\/p>\n<p>Na pr\u00f3xima rodada de 29.07.2018 haver\u00e1 assembleia avepiana para discutir o uso \u2013ou n\u00e3o- de t\u00eanis nos babas. De antem\u00e3o os olheiros antecipam o voto, achando que n\u00e3o \u00e9 nada demais sua utiliza\u00e7\u00e3o, por\u00e9m que os atletas n\u00e3o avancem para o uso de chuteiras.<\/p>\n<p>BANDA PODRE EM A\u00c7\u00c3O<\/p>\n<p>O promoter Zezinho da Baixa Fria anuncia que o jogo da Banda Podre contra os Veteranos de Sambaituba ser\u00e1 dia 15\/8 na praia da Av. Soares Lopes (bem defronte do espa\u00e7o cultual Teda Teatro Popular de Ilh\u00e9us) e valor da contribui\u00e7\u00e3o para custear despesas diversas \u00e9 de 25,00 paus por part\u00edcipe.<\/p>\n<p>Texto do associado Heckel Janu\u00e1rio. Fotos das \u201cbabas\u201d de Marconi Almeida, fot\u00f3grafo oficial e diretor de Divulga\u00e7\u00e3o da Avep. O Prof. Jorge Reis \u00e9 o fot\u00f3grafo de momentos et\u00edlicos desta entidade e seu Secret\u00e1rio.<\/p>\n<p><a href=\"http:\/\/www.r2cpress.com.br\/v1\/wp-content\/uploads\/2018\/07\/IMG-20180722-WA0029.jpg\"><img loading=\"lazy\" class=\"aligncenter  wp-image-116738\" src=\"http:\/\/www.r2cpress.com.br\/v1\/wp-content\/uploads\/2018\/07\/IMG-20180722-WA0029-300x170.jpg\" alt=\"\" width=\"325\" height=\"184\" srcset=\"https:\/\/www.r2cpress.com.br\/v1\/wp-content\/uploads\/2018\/07\/IMG-20180722-WA0029-300x170.jpg 300w, https:\/\/www.r2cpress.com.br\/v1\/wp-content\/uploads\/2018\/07\/IMG-20180722-WA0029.jpg 607w\" sizes=\"(max-width: 325px) 100vw, 325px\" \/><\/a><\/p>\n","protected":false},"excerpt":{"rendered":"<p>12\u00aa RODADA DE EMPATE E VIT\u00d3RIA DO CAPIT\u00c3O MELGA\u00c7O A Associa\u00e7\u00e3o dos Veteranos de Esporte Praiano \u2013AVEP, entidade quase centen\u00e1ria de \u201cbabas de praia\u201d em atividade de Ilh\u00e9us, realizou domingo(15) pela manh\u00e3 a 12\u00aa rodada desta referida modalidade esportiva de sua Temporada 2018, como de praxe, na praia da Avenida Soares Lopes(bem defronte do espa\u00e7o [&hellip;]<\/p>\n","protected":false},"author":2,"featured_media":0,"comment_status":"open","ping_status":"open","sticky":false,"template":"","format":"standard","meta":{"_links_to":"","_links_to_target":""},"categories":[11],"tags":[],"_links":{"self":[{"href":"https:\/\/www.r2cpress.com.br\/v1\/wp-json\/wp\/v2\/posts\/116737"}],"collection":[{"href":"https:\/\/www.r2cpress.com.br\/v1\/wp-json\/wp\/v2\/posts"}],"about":[{"href":"https:\/\/www.r2cpress.com.br\/v1\/wp-json\/wp\/v2\/types\/post"}],"author":[{"embeddable":true,"href":"https:\/\/www.r2cpress.com.br\/v1\/wp-json\/wp\/v2\/users\/2"}],"replies":[{"embeddable":true,"href":"https:\/\/www.r2cpress.com.br\/v1\/wp-json\/wp\/v2\/comments?post=116737"}],"version-history":[{"count":1,"href":"https:\/\/www.r2cpress.com.br\/v1\/wp-json\/wp\/v2\/posts\/116737\/revisions"}],"predecessor-version":[{"id":116739,"href":"https:\/\/www.r2cpress.com.br\/v1\/wp-json\/wp\/v2\/posts\/116737\/revisions\/116739"}],"wp:attachment":[{"href":"https:\/\/www.r2cpress.com.br\/v1\/wp-json\/wp\/v2\/media?parent=116737"}],"wp:term":[{"taxonomy":"category","embeddable":true,"href":"https:\/\/www.r2cpress.com.br\/v1\/wp-json\/wp\/v2\/categories?post=116737"},{"taxonomy":"post_tag","embeddable":true,"href":"https:\/\/www.r2cpress.com.br\/v1\/wp-json\/wp\/v2\/tags?post=116737"}],"curies":[{"name":"wp","href":"https:\/\/api.w.org\/{rel}","templated":true}]}}