{"id":116756,"date":"2018-07-26T15:20:20","date_gmt":"2018-07-26T18:20:20","guid":{"rendered":"http:\/\/www.r2cpress.com.br\/v1\/?p=116756"},"modified":"2018-07-26T15:20:20","modified_gmt":"2018-07-26T18:20:20","slug":"rameses-caridas-vai-ao-sertao-do-baiano-de-jiu-jitsu","status":"publish","type":"post","link":"https:\/\/www.r2cpress.com.br\/v1\/2018\/07\/26\/rameses-caridas-vai-ao-sertao-do-baiano-de-jiu-jitsu\/","title":{"rendered":"Rameses C\u00e1ridas  vai  ao  Sert\u00e3o do Baiano de Jiu jitsu"},"content":{"rendered":"<p><a href=\"http:\/\/www.r2cpress.com.br\/v1\/wp-content\/uploads\/2018\/07\/ramesess.jpg\"><img loading=\"lazy\" class=\"aligncenter size-full wp-image-116757\" src=\"http:\/\/www.r2cpress.com.br\/v1\/wp-content\/uploads\/2018\/07\/ramesess.jpg\" alt=\"\" width=\"294\" height=\"221\" \/><\/a>Em\u00a0 busca\u00a0 do bi-campeonato\u00a0 baiano de jiu jitsu\u00a0 vai\u00a0 ao\u00a0 oeste<br \/>\nda\u00a0 Bahia\u00a0 na cidade\u00a0 de Santa Maria da Vit\u00f3ria neste\u00a0 domingo dia 29\/07 e logo\u00a0 em\u00a0 seguida retorna<br \/>\na cidade de\u00a0 bel\u00edssima\u00a0 cidade de Juazeiro\u00a0no dia 05\/08 em busca de\u00a0 manter-se\u00a0 entre os\u00a0 lideres\u00a0 do<br \/>\ncertame\u00a0 do campeonato\u00a0 baiano de Jiu Jitsu\u00a0 que \u00e9 realizado pela FBJJE\u00a0<strong>F<\/strong>edera\u00e7\u00e3o<strong>\u00a0B<\/strong>aiana de\u00a0<strong>J<\/strong>iu\u00a0<strong>J<\/strong>itsu\u00a0<strong>E<\/strong>sportivo<br \/>\nFIJJD Federa\u00e7\u00e3o Internacional de Jiu Jitsu Desportivo.<br \/>\nRameses C\u00e1ridas estuda em col\u00e9gio p\u00fablico Estado do Cear\u00e1 no\u00a0 malhado e\u00a0 treina na Academia de Jiu Jitsu De La Riva<br \/>\nde Ilh\u00e9us do Sensei Magr\u00e3o ,sendo grato\u00a0 a\u00a0 todos os\u00a0 que com\u00a0 ele treina, pois\u00a0 estou\u00a0 sempre\u00a0 aprendendo.<br \/>\nAgradecimentos\u00a0 a\u00a0 Deus primeiramente\u00a0 e a\u00a0 todos\u00a0 voc\u00eas por\u00a0 estes\u00a0 momentos , sendo patrocinado pela Faculdade de<br \/>\nIlh\u00e9us, com\u00a0 o\u00a0 forte\u00a0 apoio\u00a0 de\u00a0 parceiros\u00a0 como AABB\u00a0 de Ilh\u00e9us\u00a0\u00a0Academia F\u00edsico Center ,A parceria Contabilidade,Superg\u00e1sbras (Ilh\u00e9us) ,Clube 19 de Mar\u00e7o, Dominante Cal\u00e7ados em\u00a0(Itabela),\u00a0Click Cosm\u00e9ticos, Disbom Sorvetes, Ideal Fotos, Erthour, Ley Bike, Lave Leve lavanderia, Sinal Verde, Farm\u00e1cia Acosta em (Feira de Santana), LR Auto Pe\u00e7as e Sport Lazer. Todos os v\u00eddeos das competi\u00e7\u00f5es podem ser vistos no canal Rameses C\u00e1ridas no Youtube.<\/p>\n","protected":false},"excerpt":{"rendered":"<p>Em\u00a0 busca\u00a0 do bi-campeonato\u00a0 baiano de jiu jitsu\u00a0 vai\u00a0 ao\u00a0 oeste da\u00a0 Bahia\u00a0 na cidade\u00a0 de Santa Maria da Vit\u00f3ria neste\u00a0 domingo dia 29\/07 e logo\u00a0 em\u00a0 seguida retorna a cidade de\u00a0 bel\u00edssima\u00a0 cidade de Juazeiro\u00a0no dia 05\/08 em busca de\u00a0 manter-se\u00a0 entre os\u00a0 lideres\u00a0 do certame\u00a0 do campeonato\u00a0 baiano de Jiu Jitsu\u00a0 que \u00e9 [&hellip;]<\/p>\n","protected":false},"author":2,"featured_media":0,"comment_status":"open","ping_status":"open","sticky":false,"template":"","format":"standard","meta":{"_links_to":"","_links_to_target":""},"categories":[11],"tags":[],"_links":{"self":[{"href":"https:\/\/www.r2cpress.com.br\/v1\/wp-json\/wp\/v2\/posts\/116756"}],"collection":[{"href":"https:\/\/www.r2cpress.com.br\/v1\/wp-json\/wp\/v2\/posts"}],"about":[{"href":"https:\/\/www.r2cpress.com.br\/v1\/wp-json\/wp\/v2\/types\/post"}],"author":[{"embeddable":true,"href":"https:\/\/www.r2cpress.com.br\/v1\/wp-json\/wp\/v2\/users\/2"}],"replies":[{"embeddable":true,"href":"https:\/\/www.r2cpress.com.br\/v1\/wp-json\/wp\/v2\/comments?post=116756"}],"version-history":[{"count":1,"href":"https:\/\/www.r2cpress.com.br\/v1\/wp-json\/wp\/v2\/posts\/116756\/revisions"}],"predecessor-version":[{"id":116758,"href":"https:\/\/www.r2cpress.com.br\/v1\/wp-json\/wp\/v2\/posts\/116756\/revisions\/116758"}],"wp:attachment":[{"href":"https:\/\/www.r2cpress.com.br\/v1\/wp-json\/wp\/v2\/media?parent=116756"}],"wp:term":[{"taxonomy":"category","embeddable":true,"href":"https:\/\/www.r2cpress.com.br\/v1\/wp-json\/wp\/v2\/categories?post=116756"},{"taxonomy":"post_tag","embeddable":true,"href":"https:\/\/www.r2cpress.com.br\/v1\/wp-json\/wp\/v2\/tags?post=116756"}],"curies":[{"name":"wp","href":"https:\/\/api.w.org\/{rel}","templated":true}]}}