{"id":116764,"date":"2018-07-26T15:29:01","date_gmt":"2018-07-26T18:29:01","guid":{"rendered":"http:\/\/www.r2cpress.com.br\/v1\/?p=116764"},"modified":"2018-07-26T15:29:01","modified_gmt":"2018-07-26T18:29:01","slug":"massoterapeuta-de-ilheus-morre-em-acidente-de-carro","status":"publish","type":"post","link":"https:\/\/www.r2cpress.com.br\/v1\/2018\/07\/26\/massoterapeuta-de-ilheus-morre-em-acidente-de-carro\/","title":{"rendered":"Massoterapeuta de Ilh\u00e9us morre em acidente de carro"},"content":{"rendered":"<p><img loading=\"lazy\" class=\"alignnone \" src=\"https:\/\/i0.wp.com\/diariobahia.com.br\/wp-content\/uploads\/2018\/07\/acidente-1.jpg?w=618\" width=\"413\" height=\"231\" \/><\/p>\n<div>A massoterapeuta Uilma Guedes da Silva, 29 anos, morreu num acidente de carro n a manh\u00e3 de hoje, na BA-263, que liga Itoror\u00f3 ao distrito de Rio do Meio. Ela estava com tr\u00eas irm\u00e3os e uma crian\u00e7a de 1 ano, num P\u00e1lio, que capotou depois de chocar-se contra um carro que fez uma ultrapassagem indevida.<\/div>\n<div><\/div>\n<div>Ficaram feridos: Uemerson Guedes da Silva, 33 anos, motorista do ve\u00edculo; Uigna Guedes da Silva, 31, e Uisla Souza da Silva, 25 anos, que est\u00e1 gr\u00e1vida. A fam\u00edlia viajava de Ilh\u00e9us, onde mora, para Vit\u00f3ria da Conquista.<\/div>\n<div><\/div>\n<div>Quando o Samu chegou para dar socorro, Uilma j\u00e1 estava morta. Os sobreviventes foram encaminhados para o Hospital Cristo Redentor, onde, segundo a pol\u00edcia, n\u00e3o correm risco de morte.<\/div>\n<div>Uilma estudou massoterapia na unidade de Ilh\u00e9us do Instituto Mix, onde fez bom relacionamento, mostrando-se uma aluna dedicada e cordial com os colegas. Recebeu o certificado recentemente. (Di\u00e1rio Bahia)<\/div>\n<div><\/div>\n","protected":false},"excerpt":{"rendered":"<p>A massoterapeuta Uilma Guedes da Silva, 29 anos, morreu num acidente de carro n a manh\u00e3 de hoje, na BA-263, que liga Itoror\u00f3 ao distrito de Rio do Meio. Ela estava com tr\u00eas irm\u00e3os e uma crian\u00e7a de 1 ano, num P\u00e1lio, que capotou depois de chocar-se contra um carro que fez uma ultrapassagem indevida. [&hellip;]<\/p>\n","protected":false},"author":2,"featured_media":0,"comment_status":"open","ping_status":"open","sticky":false,"template":"","format":"standard","meta":{"_links_to":"","_links_to_target":""},"categories":[1],"tags":[],"_links":{"self":[{"href":"https:\/\/www.r2cpress.com.br\/v1\/wp-json\/wp\/v2\/posts\/116764"}],"collection":[{"href":"https:\/\/www.r2cpress.com.br\/v1\/wp-json\/wp\/v2\/posts"}],"about":[{"href":"https:\/\/www.r2cpress.com.br\/v1\/wp-json\/wp\/v2\/types\/post"}],"author":[{"embeddable":true,"href":"https:\/\/www.r2cpress.com.br\/v1\/wp-json\/wp\/v2\/users\/2"}],"replies":[{"embeddable":true,"href":"https:\/\/www.r2cpress.com.br\/v1\/wp-json\/wp\/v2\/comments?post=116764"}],"version-history":[{"count":1,"href":"https:\/\/www.r2cpress.com.br\/v1\/wp-json\/wp\/v2\/posts\/116764\/revisions"}],"predecessor-version":[{"id":116765,"href":"https:\/\/www.r2cpress.com.br\/v1\/wp-json\/wp\/v2\/posts\/116764\/revisions\/116765"}],"wp:attachment":[{"href":"https:\/\/www.r2cpress.com.br\/v1\/wp-json\/wp\/v2\/media?parent=116764"}],"wp:term":[{"taxonomy":"category","embeddable":true,"href":"https:\/\/www.r2cpress.com.br\/v1\/wp-json\/wp\/v2\/categories?post=116764"},{"taxonomy":"post_tag","embeddable":true,"href":"https:\/\/www.r2cpress.com.br\/v1\/wp-json\/wp\/v2\/tags?post=116764"}],"curies":[{"name":"wp","href":"https:\/\/api.w.org\/{rel}","templated":true}]}}