{"id":116962,"date":"2018-08-09T13:22:49","date_gmt":"2018-08-09T16:22:49","guid":{"rendered":"http:\/\/www.r2cpress.com.br\/v1\/?p=116962"},"modified":"2018-08-09T13:29:59","modified_gmt":"2018-08-09T16:29:59","slug":"prefeitura-realiza-cursos-profissionalizantes-para-geracao-de-emprego-e-renda","status":"publish","type":"post","link":"https:\/\/www.r2cpress.com.br\/v1\/2018\/08\/09\/prefeitura-realiza-cursos-profissionalizantes-para-geracao-de-emprego-e-renda\/","title":{"rendered":"Prefeitura realiza cursos profissionalizantes para gera\u00e7\u00e3o de emprego e renda"},"content":{"rendered":"<p><img loading=\"lazy\" class=\"alignnone size-medium\" src=\"http:\/\/www.agravo.blog.br\/wp-content\/uploads\/2018\/08\/Unidade-M%C3%B3vel-de-Panifica%C3%A7%C3%A3o-na-Morada-do-Porto.-Foto-Rodrigo-Macedo-2.jpg\" width=\"500\" height=\"330\" \/><\/p>\n<p>A Prefeitura de Ilh\u00e9us, por meio da Secretaria Municipal de Desenvolvimento (SDS), est\u00e1 oferecendo cursos profissionalizantes de panifica\u00e7\u00e3o e confeitaria b\u00e1sica para moradores do conjunto residencial Morada do Porto, no Banco da Vit\u00f3ria, desde segunda-feira (6). Ministrados por equipes do Sistema Nacional de Aprendizagem (Senai), os cursos destinam-se aos benefici\u00e1rios do programa federal Bolsa Fam\u00edlia e fam\u00edlias referenciadas nos Centros de Refer\u00eancia da Assist\u00eancia Social (Cras), a fim de facilitar a inser\u00e7\u00e3o dessas pessoas no mercado de trabalho.<\/p>\n<p>O objetivo da SDS \u00e9 estimular a gera\u00e7\u00e3o de emprego e renda entre fam\u00edlias em vulnerabilidade social. \u201cNosso dever \u00e9 promover o desenvolvimento social para a popula\u00e7\u00e3o ilheense. Os cursos ajudam a comunidade e proporcionam mais qualidade de vida\u201d, salienta o secret\u00e1rio de Desenvolvimento Social, Rubenilton Silva. De forma itinerante, ser\u00e3o disponibilizados cinco cursos, totalizando 10 turmas, com 20 alunos cada turma, beneficiando 200 fam\u00edlias.<\/p>\n<p>Os moradores receber\u00e3o capacita\u00e7\u00e3o nas \u00e1reas de Confeitaria B\u00e1sica, Panifica\u00e7\u00e3o B\u00e1sica, Auxiliar na Fabrica\u00e7\u00e3o de Pizzas, Auxiliar na Prepara\u00e7\u00e3o de Doces e Conservas, Produ\u00e7\u00e3o de Salgados e Folhados. Cada curso possui uma carga hor\u00e1ria de 60 horas, sendo 20 horas de aulas te\u00f3ricas e 40 horas de aulas pr\u00e1ticas, com direito a certificado.<span id=\"more-81445\"><\/span><\/p>\n<p>O administrador do condom\u00ednio, Alex Tavares de Souza, parabeniza a prefeitura pela iniciativa. \u201cMuitas pessoas querem se especializar, mas n\u00e3o t\u00eam dinheiro nem o transporte, por isso a atual gest\u00e3o est\u00e1 proporcionando um grande ganho para a comunidade\u201d. A presidente da associa\u00e7\u00e3o de moradores local, Marli Oliveira, destaca a oportunidade de melhoria de renda das fam\u00edlias e a moradora Maria Joana trabalho, que j\u00e1 tem experi\u00eancia com massas, diz que j\u00e1 tem at\u00e9 planos para a comercializa\u00e7\u00e3o dos seus produtos.<\/p>\n<p><strong>Croonograma \u2013\u00a0<\/strong>\u00a0No dia 27 de agosto, o Cras Vilela iniciar\u00e1 os cursos de Auxiliar de Fabrica\u00e7\u00e3o de Pizzas e Produ\u00e7\u00e3o de Salgados e Folheados. No dia 17 de setembro, o Cras Norte, oferece cursos de Auxiliar de Doces e Conservas e Panifica\u00e7\u00e3o B\u00e1sica.\u00a0\u00a0Em 8 de outubro, o Cras Sul, come\u00e7ar\u00e1 as aulas de Auxiliar na Fabrica\u00e7\u00e3o de Pizzas e Produ\u00e7\u00e3o de Salgados e Folhados e no dia 29 de outubro, no Cras Oliven\u00e7a, acontecem os cursos de Auxiliar na Prepara\u00e7\u00e3o de Doces de Conservas e Confeitaria B\u00e1sica.<\/p>\n<p><strong>Secretaria de Comunica\u00e7\u00e3o Social \u2013 Secom<\/strong><\/p>\n","protected":false},"excerpt":{"rendered":"<p>A Prefeitura de Ilh\u00e9us, por meio da Secretaria Municipal de Desenvolvimento (SDS), est\u00e1 oferecendo cursos profissionalizantes de panifica\u00e7\u00e3o e confeitaria b\u00e1sica para moradores do conjunto residencial Morada do Porto, no Banco da Vit\u00f3ria, desde segunda-feira (6). Ministrados por equipes do Sistema Nacional de Aprendizagem (Senai), os cursos destinam-se aos benefici\u00e1rios do programa federal Bolsa Fam\u00edlia [&hellip;]<\/p>\n","protected":false},"author":2,"featured_media":0,"comment_status":"open","ping_status":"open","sticky":false,"template":"","format":"standard","meta":{"_links_to":"","_links_to_target":""},"categories":[14],"tags":[],"_links":{"self":[{"href":"https:\/\/www.r2cpress.com.br\/v1\/wp-json\/wp\/v2\/posts\/116962"}],"collection":[{"href":"https:\/\/www.r2cpress.com.br\/v1\/wp-json\/wp\/v2\/posts"}],"about":[{"href":"https:\/\/www.r2cpress.com.br\/v1\/wp-json\/wp\/v2\/types\/post"}],"author":[{"embeddable":true,"href":"https:\/\/www.r2cpress.com.br\/v1\/wp-json\/wp\/v2\/users\/2"}],"replies":[{"embeddable":true,"href":"https:\/\/www.r2cpress.com.br\/v1\/wp-json\/wp\/v2\/comments?post=116962"}],"version-history":[{"count":2,"href":"https:\/\/www.r2cpress.com.br\/v1\/wp-json\/wp\/v2\/posts\/116962\/revisions"}],"predecessor-version":[{"id":116964,"href":"https:\/\/www.r2cpress.com.br\/v1\/wp-json\/wp\/v2\/posts\/116962\/revisions\/116964"}],"wp:attachment":[{"href":"https:\/\/www.r2cpress.com.br\/v1\/wp-json\/wp\/v2\/media?parent=116962"}],"wp:term":[{"taxonomy":"category","embeddable":true,"href":"https:\/\/www.r2cpress.com.br\/v1\/wp-json\/wp\/v2\/categories?post=116962"},{"taxonomy":"post_tag","embeddable":true,"href":"https:\/\/www.r2cpress.com.br\/v1\/wp-json\/wp\/v2\/tags?post=116962"}],"curies":[{"name":"wp","href":"https:\/\/api.w.org\/{rel}","templated":true}]}}