{"id":1170,"date":"2010-11-01T08:29:13","date_gmt":"2010-11-01T11:29:13","guid":{"rendered":"http:\/\/www.r2cpress.com.br\/v1\/?p=1170"},"modified":"2010-11-01T08:29:13","modified_gmt":"2010-11-01T11:29:13","slug":"salvador-e-escolhida-para-sediar-o-mundial-de-judo-em-2012","status":"publish","type":"post","link":"https:\/\/www.r2cpress.com.br\/v1\/2010\/11\/01\/salvador-e-escolhida-para-sediar-o-mundial-de-judo-em-2012\/","title":{"rendered":"Salvador \u00e9 escolhida para sediar o Mundial de Jud\u00f4 em 2012"},"content":{"rendered":"<p>O domingo de elei\u00e7\u00f5es come\u00e7ou com uma boa not\u00edcia para Salvador, a capital baiana foi escolhida pela Federa\u00e7\u00e3o Internacional de Jud\u00f4 como sede do Mundial de Jud\u00f4 por equipes em 2012. A decis\u00e3o foi comunicada atrav\u00e9s dos canais oficiais da Federa\u00e7\u00e3o na internet, o site oficial e o twitter. Salvador derrotou grandes advers\u00e1rios para conseguir o feito. Londres (Inglaterra), Moscou (R\u00fassia) e Dubai (Emirados \u00c1rabes) ficaram para tr\u00e1s.<br \/>\n<!--more--><br \/>\nO an\u00fancio foi feito na cidade de Abu-Dabi (capital dos  Emirados  \u00c1rabes), durante a realiza\u00e7\u00e3o do Grand Slam  de  Jud\u00f4. No dia 8 de setembro, o secret\u00e1rio do  Trabalho,  Emprego,  Renda e Esporte, Nilton Vasconcelos, foi a T\u00f3quio, no Jap\u00e3o defender  a  candidatura  de  Salvador em uma apresenta\u00e7\u00e3o t\u00e9cnica. Fortalecida com cartas de apoio assinadas pelos Minist\u00e9rios do Turismo e do Esporte, o Governo do Estado e a Prefeitura de Salvador assumiram v\u00e1rios compromissos com a federa\u00e7\u00e3o, levando a ela as reais inten\u00e7\u00f5es da cidade.<\/p>\n<p>O governador Jaques Wagner tamb\u00e9m se dedicou a trazer o evento para capital. Em julho, quando Salvador recebeu no Centro de Conven\u00e7\u00f5es da Bahia, as semifinais e a final da 1\u00aa Copa do Mundo de Jud\u00f4 por Equipes, o governador se reuniu com o presidente da Federa\u00e7\u00e3o Internacional de Jud\u00f4, Marius Vizer, quando entregou ao pdirigente um documento com todas as informa\u00e7\u00f5es sobre a infraestrutura, cultura e atra\u00e7\u00f5es tur\u00edsticas de Salvador.<\/p>\n<p>De acordo com o secret\u00e1rio Nilton Vasconcelos, para o campeonato de 2012 ser\u00e1 montada uma estrutura no Centro de Conven\u00e7\u00f5es. Mas n\u00e3o \u00e9 descartado o uso de outra op\u00e7\u00e3o, que seria o Centro de Refer\u00eancia Internacional de Jud\u00f4, que ser\u00e1 constru\u00eddo em Lauro de Freitas.<\/p>\n<p>Eric Luis Carvalho<br \/>\nNo <a href = \"http:\/\/www.tribunadabahia.com.br\/news.php?idAtual=63683\" target = \"_news\"><b>TRIBUNA DA BAHIA<\/b><\/a><\/p>\n","protected":false},"excerpt":{"rendered":"<p>O domingo de elei\u00e7\u00f5es come\u00e7ou com uma boa not\u00edcia para Salvador, a capital baiana foi escolhida pela Federa\u00e7\u00e3o Internacional de Jud\u00f4 como sede do Mundial de Jud\u00f4 por equipes em 2012. A decis\u00e3o foi comunicada atrav\u00e9s dos canais oficiais da Federa\u00e7\u00e3o na internet, o site oficial e o twitter. Salvador derrotou grandes advers\u00e1rios para conseguir [&hellip;]<\/p>\n","protected":false},"author":2,"featured_media":0,"comment_status":"open","ping_status":"open","sticky":false,"template":"","format":"standard","meta":{"_links_to":"","_links_to_target":""},"categories":[11],"tags":[],"_links":{"self":[{"href":"https:\/\/www.r2cpress.com.br\/v1\/wp-json\/wp\/v2\/posts\/1170"}],"collection":[{"href":"https:\/\/www.r2cpress.com.br\/v1\/wp-json\/wp\/v2\/posts"}],"about":[{"href":"https:\/\/www.r2cpress.com.br\/v1\/wp-json\/wp\/v2\/types\/post"}],"author":[{"embeddable":true,"href":"https:\/\/www.r2cpress.com.br\/v1\/wp-json\/wp\/v2\/users\/2"}],"replies":[{"embeddable":true,"href":"https:\/\/www.r2cpress.com.br\/v1\/wp-json\/wp\/v2\/comments?post=1170"}],"version-history":[{"count":3,"href":"https:\/\/www.r2cpress.com.br\/v1\/wp-json\/wp\/v2\/posts\/1170\/revisions"}],"predecessor-version":[{"id":1173,"href":"https:\/\/www.r2cpress.com.br\/v1\/wp-json\/wp\/v2\/posts\/1170\/revisions\/1173"}],"wp:attachment":[{"href":"https:\/\/www.r2cpress.com.br\/v1\/wp-json\/wp\/v2\/media?parent=1170"}],"wp:term":[{"taxonomy":"category","embeddable":true,"href":"https:\/\/www.r2cpress.com.br\/v1\/wp-json\/wp\/v2\/categories?post=1170"},{"taxonomy":"post_tag","embeddable":true,"href":"https:\/\/www.r2cpress.com.br\/v1\/wp-json\/wp\/v2\/tags?post=1170"}],"curies":[{"name":"wp","href":"https:\/\/api.w.org\/{rel}","templated":true}]}}