{"id":117273,"date":"2018-09-04T16:02:29","date_gmt":"2018-09-04T19:02:29","guid":{"rendered":"http:\/\/www.r2cpress.com.br\/v1\/?p=117273"},"modified":"2018-09-04T16:02:29","modified_gmt":"2018-09-04T19:02:29","slug":"campanha-de-vacinacao-contra-sarampo-e-poliomielite-e-prorrogada-ate-dia-14","status":"publish","type":"post","link":"https:\/\/www.r2cpress.com.br\/v1\/2018\/09\/04\/campanha-de-vacinacao-contra-sarampo-e-poliomielite-e-prorrogada-ate-dia-14\/","title":{"rendered":"Campanha de vacina\u00e7\u00e3o contra sarampo e poliomielite \u00e9 prorrogada at\u00e9 dia 14"},"content":{"rendered":"<div style=\"width: 500px\" class=\"wp-caption alignnone\"><img loading=\"lazy\" class=\"\" src=\"http:\/\/portalfacilclientes.blob.core.windows.net\/uploads\/ILHEUS\/img\/%7B78AA51D7-3A67-0BC5-47C7-ABA064EB72A3%7D\/%7B78AA51D7-3A67-0BC5-47C7-ABA064EB72A3%7D_650X450.jpg\" width=\"490\" height=\"339\" \/><p class=\"wp-caption-text\">POR SECOM<\/p><\/div>\n<p>Seguindo recomenda\u00e7\u00e3o do Minist\u00e9rio da Sa\u00fade, a Secretaria de Sa\u00fade de Ilh\u00e9us (Sesau) prorrogou at\u00e9 o dia 14 deste m\u00eas a campanha contra o sarampo e a poliomielite, porque o munic\u00edpio n\u00e3o atingiu a meta estipulada pelo Minist\u00e9rio da Sa\u00fade, assim como ocorreu em todo o Brasil.<\/p>\n<p>Dados divulgados nesta segunda-feira (3), pela coordenadora de Imuniza\u00e7\u00e3o da Sesau, Walk\u00edria Cardeal, mostram que a cobertura no munic\u00edpio contra a p\u00f3lio est\u00e1 em 73,41%, equivalente a 7.998 crian\u00e7as, e contra o sarampo em 73,02%, com 7.955 vacinadas.<\/p>\n<p>Walk\u00edria Cardeal afirma que e as\u00a0salas de vacina\u00a0estar\u00e3o abertas, conforme cronograma espec\u00edfico de cada unidade de sa\u00fade, e que os pais devem se informar na recep\u00e7\u00e3o ou com a enfermeira gerente do posto, para a vacina\u00e7\u00e3o de crian\u00e7as menores de cinco anos de idade. \u201cEstamos dando continuidade \u00e0 campanha na zona urbana e na pr\u00f3xima semana retornaremos aos distritos e povoados da zona rural para as equipes de vacinadores da Rede de Frio\u00a0realizarem\u00a0a cobertura vacinal em todo o munic\u00edpio\u201d.<\/p>\n<p>A coordenadora enfatiza a necessidade da vacina\u00e7\u00e3o para evitar o retorno destas doen\u00e7as. \u201c\u00c9 importante que os pais ou respons\u00e1veis se conscientizem e levem as crian\u00e7as aos postos de sa\u00fade para receber as doses de campanha, conforme orienta\u00e7\u00e3o do Minist\u00e9rio da Sa\u00fade. Os\u00a0pais n\u00e3o devem dar ouvido a falsas noticias, pois vacinas salvam vidas\u201d, diz ela.<\/p>\n<p>E ainda destacou a relev\u00e2ncia dos pais\u00a0apresentarem\u00a0o\u00a0cart\u00e3o de vacinas para atualiza\u00e7\u00e3o. \u201cMais uma vez, seguindo orienta\u00e7\u00e3o do prefeito M\u00e1rio Alexandre, a Secretaria de Sa\u00fade de Ilh\u00e9us volta a mobilizar seus profissionais de sa\u00fade e faz ampla divulga\u00e7\u00e3o no sentido de focar o atendimento nesta ades\u00e3o da campanha. Al\u00e9m disso, os profissionais que atuaram na campanha de vacina\u00e7\u00e3o foram todos capacitados\u201d, ressalta Walk\u00edria Cardeal.<\/p>\n","protected":false},"excerpt":{"rendered":"<p>Seguindo recomenda\u00e7\u00e3o do Minist\u00e9rio da Sa\u00fade, a Secretaria de Sa\u00fade de Ilh\u00e9us (Sesau) prorrogou at\u00e9 o dia 14 deste m\u00eas a campanha contra o sarampo e a poliomielite, porque o munic\u00edpio n\u00e3o atingiu a meta estipulada pelo Minist\u00e9rio da Sa\u00fade, assim como ocorreu em todo o Brasil. Dados divulgados nesta segunda-feira (3), pela coordenadora de [&hellip;]<\/p>\n","protected":false},"author":2,"featured_media":0,"comment_status":"open","ping_status":"open","sticky":false,"template":"","format":"standard","meta":{"_links_to":"","_links_to_target":""},"categories":[1],"tags":[],"_links":{"self":[{"href":"https:\/\/www.r2cpress.com.br\/v1\/wp-json\/wp\/v2\/posts\/117273"}],"collection":[{"href":"https:\/\/www.r2cpress.com.br\/v1\/wp-json\/wp\/v2\/posts"}],"about":[{"href":"https:\/\/www.r2cpress.com.br\/v1\/wp-json\/wp\/v2\/types\/post"}],"author":[{"embeddable":true,"href":"https:\/\/www.r2cpress.com.br\/v1\/wp-json\/wp\/v2\/users\/2"}],"replies":[{"embeddable":true,"href":"https:\/\/www.r2cpress.com.br\/v1\/wp-json\/wp\/v2\/comments?post=117273"}],"version-history":[{"count":1,"href":"https:\/\/www.r2cpress.com.br\/v1\/wp-json\/wp\/v2\/posts\/117273\/revisions"}],"predecessor-version":[{"id":117274,"href":"https:\/\/www.r2cpress.com.br\/v1\/wp-json\/wp\/v2\/posts\/117273\/revisions\/117274"}],"wp:attachment":[{"href":"https:\/\/www.r2cpress.com.br\/v1\/wp-json\/wp\/v2\/media?parent=117273"}],"wp:term":[{"taxonomy":"category","embeddable":true,"href":"https:\/\/www.r2cpress.com.br\/v1\/wp-json\/wp\/v2\/categories?post=117273"},{"taxonomy":"post_tag","embeddable":true,"href":"https:\/\/www.r2cpress.com.br\/v1\/wp-json\/wp\/v2\/tags?post=117273"}],"curies":[{"name":"wp","href":"https:\/\/api.w.org\/{rel}","templated":true}]}}