{"id":117277,"date":"2018-09-04T20:09:01","date_gmt":"2018-09-04T23:09:01","guid":{"rendered":"http:\/\/www.r2cpress.com.br\/v1\/?p=117277"},"modified":"2018-09-04T20:09:01","modified_gmt":"2018-09-04T23:09:01","slug":"em-tanquinho-rui-conclui-maratona-de-21-cidades-em-cinco-dias","status":"publish","type":"post","link":"https:\/\/www.r2cpress.com.br\/v1\/2018\/09\/04\/em-tanquinho-rui-conclui-maratona-de-21-cidades-em-cinco-dias\/","title":{"rendered":"Em Tanquinho, Rui conclui maratona de 21 cidades em cinco dias"},"content":{"rendered":"<div><span style=\"font-family: Corbel, sans-serif; font-size: medium;\"><a href=\"http:\/\/www.r2cpress.com.br\/v1\/wp-content\/uploads\/2018\/09\/Rui-em-Capim-Grosso-11.jpg\"><img loading=\"lazy\" class=\"aligncenter size-medium wp-image-117278\" src=\"http:\/\/www.r2cpress.com.br\/v1\/wp-content\/uploads\/2018\/09\/Rui-em-Capim-Grosso-11-300x220.jpg\" alt=\"\" width=\"300\" height=\"220\" srcset=\"https:\/\/www.r2cpress.com.br\/v1\/wp-content\/uploads\/2018\/09\/Rui-em-Capim-Grosso-11-300x220.jpg 300w, https:\/\/www.r2cpress.com.br\/v1\/wp-content\/uploads\/2018\/09\/Rui-em-Capim-Grosso-11.jpg 512w\" sizes=\"(max-width: 300px) 100vw, 300px\" \/><\/a>\u201cA elite brasileira n\u00e3o assume publicamente, mas tem preconceito contra os nordestinos, e o povo est\u00e1 com saudade do Lula. N\u00e3o s\u00f3 da pessoa do Lula, mas do que ele fazia pelo povo, das ideias do Lula e da forma de governar.\u201d A fala \u00e9 do governador Rui Costa, candidato petista \u00e0 reelei\u00e7\u00e3o, em discurso hoje (3), em Nova F\u00e1tima, finalizando mais uma caravana vitoriosa pelo interior da Bahia. Na estrada desde a \u00faltima quinta, na terceira etapa da Correria pela Bahia, Rui fechou o roteiro visitando 21 cidades\u00a0<\/span><span style=\"font-family: Corbel, sans-serif; font-size: medium;\">dos territ\u00f3rios de identidade Bacia do Rio Grande, Bacia do Jacu\u00edpe, Metropolitano, Semi\u00e1rido Nordeste II, Litoral Norte e Agreste Baiano. \u201cJ\u00e1 fomos em 58 cidades, mas quero chegar a 120, nas sete semanas dessa curta campanha\u201d, detalha o petista.<\/span><\/div>\n<div><span style=\"font-family: Corbel, sans-serif;\">Caminhadas e discursos d<\/span><span style=\"font-family: Corbel, sans-serif;\">e p\u00e9 sobre a carroceria de uma camionete, como nos velhos tempos de sindicalista do Polo Petroqu\u00edmico<\/span><span style=\"font-family: Corbel, sans-serif;\">, Rui seguiu lado a lado com c<\/span><span style=\"font-family: Corbel, sans-serif;\">orreligion\u00e1rios de muitos dos 14 partidos que comp\u00f5e a coliga\u00e7\u00e3o (PT, PSB, PSD, PP, PC do B, PR, PDT, PRP, PMB, PTC, PMN, Podemos, Avante e Pros), al\u00e9m dos candidatos a vice-governador, Jo\u00e3o Le\u00e3o (PP), e a senador, Jaques Wagner (PT). O candidato Angelo Coronel hoje n\u00e3o participou por recomenda\u00e7\u00e3o m\u00e9dica.<\/span><\/div>\n<div><span style=\"font-family: Corbel, sans-serif;\">Primeiro foi\u00a0<\/span><span style=\"font-family: Corbel, sans-serif;\">Capim Grosso, com especial destaque pela forte presen\u00e7a feminina, seguida de S\u00e3o Jos\u00e9 do Jacu\u00edpe (Itatiaia), Gavi\u00e3o, Nova F\u00e1tima, Riach\u00e3o do Jacu\u00edpe, terminando a jornada com caminhada e ato p\u00fablico em Tanquinho. Na quarta-feira, Rui volta \u00e0s ruas, em Salvador, para caminhada no bairro do Uruguai, com concentra\u00e7\u00e3o marcada \u00e0s 15h30, no Largo dos Mares.<\/span><\/div>\n<div><span style=\"font-family: Corbel, sans-serif;\">Marca consagrada na campanha 2018, as redes sociais continuam assumindo import\u00e2ncia fundamental, de interesse rec\u00edproco. Se por um lado o candidato interage intensamente com os internautas pelas diversas redes, em contraponto, a disputa por tirar selfies com Rui \u2018pra compartilhar\u2019 virou uma febre. \u201cO abra\u00e7o, o carinho e olho no olho me enchem de energia, mas n\u00e3o podemos abrir m\u00e3o de compartilhar o bem em um mutir\u00e3o pelo Facebook, Instagram e \u2018zap zap\u2019, pra eleger o 13 de Lula, no Brasil e na Bahia\u201d, convoca o candidato.<\/span><\/div>\n<div><span style=\"font-family: Corbel, Skia, sans-serif; font-size: medium;\"><b>Fotos:\u00a0<\/b><\/span><span style=\"font-family: Corbel, Skia, sans-serif; font-size: medium;\">Carlos Casaes\/Divulga\u00e7\u00e3o<\/span><\/div>\n","protected":false},"excerpt":{"rendered":"<p>\u201cA elite brasileira n\u00e3o assume publicamente, mas tem preconceito contra os nordestinos, e o povo est\u00e1 com saudade do Lula. N\u00e3o s\u00f3 da pessoa do Lula, mas do que ele fazia pelo povo, das ideias do Lula e da forma de governar.\u201d A fala \u00e9 do governador Rui Costa, candidato petista \u00e0 reelei\u00e7\u00e3o, em discurso [&hellip;]<\/p>\n","protected":false},"author":2,"featured_media":0,"comment_status":"open","ping_status":"open","sticky":false,"template":"","format":"standard","meta":{"_links_to":"","_links_to_target":""},"categories":[1],"tags":[],"_links":{"self":[{"href":"https:\/\/www.r2cpress.com.br\/v1\/wp-json\/wp\/v2\/posts\/117277"}],"collection":[{"href":"https:\/\/www.r2cpress.com.br\/v1\/wp-json\/wp\/v2\/posts"}],"about":[{"href":"https:\/\/www.r2cpress.com.br\/v1\/wp-json\/wp\/v2\/types\/post"}],"author":[{"embeddable":true,"href":"https:\/\/www.r2cpress.com.br\/v1\/wp-json\/wp\/v2\/users\/2"}],"replies":[{"embeddable":true,"href":"https:\/\/www.r2cpress.com.br\/v1\/wp-json\/wp\/v2\/comments?post=117277"}],"version-history":[{"count":1,"href":"https:\/\/www.r2cpress.com.br\/v1\/wp-json\/wp\/v2\/posts\/117277\/revisions"}],"predecessor-version":[{"id":117279,"href":"https:\/\/www.r2cpress.com.br\/v1\/wp-json\/wp\/v2\/posts\/117277\/revisions\/117279"}],"wp:attachment":[{"href":"https:\/\/www.r2cpress.com.br\/v1\/wp-json\/wp\/v2\/media?parent=117277"}],"wp:term":[{"taxonomy":"category","embeddable":true,"href":"https:\/\/www.r2cpress.com.br\/v1\/wp-json\/wp\/v2\/categories?post=117277"},{"taxonomy":"post_tag","embeddable":true,"href":"https:\/\/www.r2cpress.com.br\/v1\/wp-json\/wp\/v2\/tags?post=117277"}],"curies":[{"name":"wp","href":"https:\/\/api.w.org\/{rel}","templated":true}]}}