{"id":117584,"date":"2018-09-26T22:25:05","date_gmt":"2018-09-27T01:25:05","guid":{"rendered":"http:\/\/www.r2cpress.com.br\/v1\/?p=117584"},"modified":"2018-09-26T22:25:05","modified_gmt":"2018-09-27T01:25:05","slug":"pre-candidato-a-presidente-da-oab-ba-participa-de-encontro-da-jovem-advocacia-do-vale-do-sao-francisco","status":"publish","type":"post","link":"https:\/\/www.r2cpress.com.br\/v1\/2018\/09\/26\/pre-candidato-a-presidente-da-oab-ba-participa-de-encontro-da-jovem-advocacia-do-vale-do-sao-francisco\/","title":{"rendered":"Pr\u00e9-candidato a presidente da OAB-BA participa de  Encontro da Jovem Advocacia do Vale do S\u00e3o Francisco"},"content":{"rendered":"<p class=\"x_m_-1855744456985404318gmail-MsoNoSpacing\"><a href=\"http:\/\/www.r2cpress.com.br\/v1\/wp-content\/uploads\/2018\/09\/Fabricio_Castro_CFOAB_01-1.jpg\"><img loading=\"lazy\" class=\"aligncenter  wp-image-117586\" src=\"http:\/\/www.r2cpress.com.br\/v1\/wp-content\/uploads\/2018\/09\/Fabricio_Castro_CFOAB_01-1.jpg\" alt=\"\" width=\"518\" height=\"396\" srcset=\"https:\/\/www.r2cpress.com.br\/v1\/wp-content\/uploads\/2018\/09\/Fabricio_Castro_CFOAB_01-1.jpg 929w, https:\/\/www.r2cpress.com.br\/v1\/wp-content\/uploads\/2018\/09\/Fabricio_Castro_CFOAB_01-1-300x230.jpg 300w, https:\/\/www.r2cpress.com.br\/v1\/wp-content\/uploads\/2018\/09\/Fabricio_Castro_CFOAB_01-1-768x588.jpg 768w\" sizes=\"(max-width: 518px) 100vw, 518px\" \/><\/a>O conselheiro federal da OAB, Fabr\u00edcio Castro, vai participar da abertura do II Encontro da Jovem Advocacia do Vale do S\u00e3o Francisco, na Universidade do Estado da Bahia (Uneb), campus III, em Juazeiro, nesta quinta-feira (27), a partir das 13h.<\/p>\n<p class=\"x_m_-1855744456985404318gmail-MsoNoSpacing\">Fabr\u00edcio vai abordar as transforma\u00e7\u00f5es e os avan\u00e7os promovidos pela atual gest\u00e3o da Ordem, al\u00e9m de destacar a import\u00e2ncia do fortalecimento da advocacia no interior e a necessidade de enfrentar a crise do Judici\u00e1rio baiano.<\/p>\n<p class=\"x_m_-1855744456985404318gmail-MsoNoSpacing\">\u201cO debate de temas relevantes para a categoria possibilita melhorar o dia a dia dos advogados e unir os profissionais em torno da defesa das nossas prerrogativas\u201d, assinala Fabr\u00edcio, pr\u00e9-candidato \u00e0 presid\u00eancia da OAB-BA, apoiado pelo atual mandat\u00e1rio da entidade, Luiz Viana.<\/p>\n<p class=\"x_m_-1855744456985404318gmail-MsoNoSpacing\">Promovido pelo Conselho Consultivo da Jovem Advocacia da subse\u00e7\u00e3o de Juazeiro, o evento vai reunir profissionais de renome na \u00e1rea do Direito, que palestrar\u00e3o na Uneb, nos dias 27 e 28 de setembro.<\/p>\n<p class=\"x_m_-1855744456985404318gmail-MsoNoSpacing\">POR ASCOM<\/p>\n","protected":false},"excerpt":{"rendered":"<p>O conselheiro federal da OAB, Fabr\u00edcio Castro, vai participar da abertura do II Encontro da Jovem Advocacia do Vale do S\u00e3o Francisco, na Universidade do Estado da Bahia (Uneb), campus III, em Juazeiro, nesta quinta-feira (27), a partir das 13h. Fabr\u00edcio vai abordar as transforma\u00e7\u00f5es e os avan\u00e7os promovidos pela atual gest\u00e3o da Ordem, al\u00e9m [&hellip;]<\/p>\n","protected":false},"author":2,"featured_media":0,"comment_status":"open","ping_status":"open","sticky":false,"template":"","format":"standard","meta":{"_links_to":"","_links_to_target":""},"categories":[13],"tags":[],"_links":{"self":[{"href":"https:\/\/www.r2cpress.com.br\/v1\/wp-json\/wp\/v2\/posts\/117584"}],"collection":[{"href":"https:\/\/www.r2cpress.com.br\/v1\/wp-json\/wp\/v2\/posts"}],"about":[{"href":"https:\/\/www.r2cpress.com.br\/v1\/wp-json\/wp\/v2\/types\/post"}],"author":[{"embeddable":true,"href":"https:\/\/www.r2cpress.com.br\/v1\/wp-json\/wp\/v2\/users\/2"}],"replies":[{"embeddable":true,"href":"https:\/\/www.r2cpress.com.br\/v1\/wp-json\/wp\/v2\/comments?post=117584"}],"version-history":[{"count":1,"href":"https:\/\/www.r2cpress.com.br\/v1\/wp-json\/wp\/v2\/posts\/117584\/revisions"}],"predecessor-version":[{"id":117587,"href":"https:\/\/www.r2cpress.com.br\/v1\/wp-json\/wp\/v2\/posts\/117584\/revisions\/117587"}],"wp:attachment":[{"href":"https:\/\/www.r2cpress.com.br\/v1\/wp-json\/wp\/v2\/media?parent=117584"}],"wp:term":[{"taxonomy":"category","embeddable":true,"href":"https:\/\/www.r2cpress.com.br\/v1\/wp-json\/wp\/v2\/categories?post=117584"},{"taxonomy":"post_tag","embeddable":true,"href":"https:\/\/www.r2cpress.com.br\/v1\/wp-json\/wp\/v2\/tags?post=117584"}],"curies":[{"name":"wp","href":"https:\/\/api.w.org\/{rel}","templated":true}]}}