{"id":117613,"date":"2018-09-28T13:15:56","date_gmt":"2018-09-28T16:15:56","guid":{"rendered":"http:\/\/www.r2cpress.com.br\/v1\/?p=117613"},"modified":"2018-09-28T13:15:56","modified_gmt":"2018-09-28T16:15:56","slug":"fisiculturista-ilheense-com-sindrome-de-down-fica-em-2o-lugar-em-competicao","status":"publish","type":"post","link":"https:\/\/www.r2cpress.com.br\/v1\/2018\/09\/28\/fisiculturista-ilheense-com-sindrome-de-down-fica-em-2o-lugar-em-competicao\/","title":{"rendered":"Fisiculturista Ilheense com s\u00edndrome de Down fica em 2\u00ba lugar em competi\u00e7\u00e3o"},"content":{"rendered":"<p><img loading=\"lazy\" class=\"alignnone size-large\" src=\"https:\/\/i0.wp.com\/ilheusempauta.com.br\/wp-content\/uploads\/2018\/09\/Tiago-Vieira.jpg?w=500\" width=\"500\" height=\"279\" \/><\/p>\n<p>O baiano Tiago Vieira Pinto, de 36 anos, \u00e9 o primeiro fisiculturista com s\u00edndrome de Down a participar de um campeonato. Ele conquistou o 2\u00ba lugar na competi\u00e7\u00e3o que ocorreu em Fortaleza (CE), nesse final de semana.<\/p>\n<p>Morador do munic\u00edpio de Ilh\u00e9us, no sul da Bahia, o atleta teve que concorrer com atletas da mesma altura que ele, dentro da categoria amador, j\u00e1 que n\u00e3o h\u00e1 outro fisiculturista com Down registrado.<\/p>\n<p>Ap\u00f3s a vit\u00f3ria, ele foi classificado como profissional. O baiano intensificou os treinos para a competi\u00e7\u00e3o h\u00e1 cerca de 3 meses, passando a malhar todos os dias.<\/p>\n<p>Por conta da s\u00edndrome de Down, ele n\u00e3o desenvolveu bem a fala. No entanto, a condi\u00e7\u00e3o n\u00e3o o impede de manter a rotina de treinamentos.<span id=\"more-124406\"><\/span><\/p>\n<p>Informa\u00e7\u00f5es: G1<\/p>\n","protected":false},"excerpt":{"rendered":"<p>O baiano Tiago Vieira Pinto, de 36 anos, \u00e9 o primeiro fisiculturista com s\u00edndrome de Down a participar de um campeonato. Ele conquistou o 2\u00ba lugar na competi\u00e7\u00e3o que ocorreu em Fortaleza (CE), nesse final de semana. Morador do munic\u00edpio de Ilh\u00e9us, no sul da Bahia, o atleta teve que concorrer com atletas da mesma [&hellip;]<\/p>\n","protected":false},"author":2,"featured_media":0,"comment_status":"open","ping_status":"open","sticky":false,"template":"","format":"standard","meta":{"_links_to":"","_links_to_target":""},"categories":[1],"tags":[],"_links":{"self":[{"href":"https:\/\/www.r2cpress.com.br\/v1\/wp-json\/wp\/v2\/posts\/117613"}],"collection":[{"href":"https:\/\/www.r2cpress.com.br\/v1\/wp-json\/wp\/v2\/posts"}],"about":[{"href":"https:\/\/www.r2cpress.com.br\/v1\/wp-json\/wp\/v2\/types\/post"}],"author":[{"embeddable":true,"href":"https:\/\/www.r2cpress.com.br\/v1\/wp-json\/wp\/v2\/users\/2"}],"replies":[{"embeddable":true,"href":"https:\/\/www.r2cpress.com.br\/v1\/wp-json\/wp\/v2\/comments?post=117613"}],"version-history":[{"count":1,"href":"https:\/\/www.r2cpress.com.br\/v1\/wp-json\/wp\/v2\/posts\/117613\/revisions"}],"predecessor-version":[{"id":117614,"href":"https:\/\/www.r2cpress.com.br\/v1\/wp-json\/wp\/v2\/posts\/117613\/revisions\/117614"}],"wp:attachment":[{"href":"https:\/\/www.r2cpress.com.br\/v1\/wp-json\/wp\/v2\/media?parent=117613"}],"wp:term":[{"taxonomy":"category","embeddable":true,"href":"https:\/\/www.r2cpress.com.br\/v1\/wp-json\/wp\/v2\/categories?post=117613"},{"taxonomy":"post_tag","embeddable":true,"href":"https:\/\/www.r2cpress.com.br\/v1\/wp-json\/wp\/v2\/tags?post=117613"}],"curies":[{"name":"wp","href":"https:\/\/api.w.org\/{rel}","templated":true}]}}