{"id":117679,"date":"2018-10-03T22:18:12","date_gmt":"2018-10-04T01:18:12","guid":{"rendered":"http:\/\/www.r2cpress.com.br\/v1\/?p=117679"},"modified":"2018-10-03T22:18:12","modified_gmt":"2018-10-04T01:18:12","slug":"no-sertao-produtivo-rui-amplia-seguranca-hidrica-com-nova-adutora-e-barragem","status":"publish","type":"post","link":"https:\/\/www.r2cpress.com.br\/v1\/2018\/10\/03\/no-sertao-produtivo-rui-amplia-seguranca-hidrica-com-nova-adutora-e-barragem\/","title":{"rendered":"No Sert\u00e3o Produtivo, Rui amplia seguran\u00e7a h\u00eddrica com nova adutora e barragem"},"content":{"rendered":"<p class=\"x_x_x_MsoNormal\"><a href=\"http:\/\/www.r2cpress.com.br\/v1\/wp-content\/uploads\/2018\/10\/Sert\u00e3o-Produtivo-11.jpg\"><img loading=\"lazy\" class=\"aligncenter size-full wp-image-117680\" src=\"http:\/\/www.r2cpress.com.br\/v1\/wp-content\/uploads\/2018\/10\/Sert\u00e3o-Produtivo-11.jpg\" alt=\"\" width=\"384\" height=\"256\" srcset=\"https:\/\/www.r2cpress.com.br\/v1\/wp-content\/uploads\/2018\/10\/Sert\u00e3o-Produtivo-11.jpg 384w, https:\/\/www.r2cpress.com.br\/v1\/wp-content\/uploads\/2018\/10\/Sert\u00e3o-Produtivo-11-300x200.jpg 300w\" sizes=\"(max-width: 384px) 100vw, 384px\" \/><\/a>\u201cA semente da esperan\u00e7a de um Brasil que volte a olhar para o Nordeste, abrace quem mais precisa, olhe para o Semi\u00e1rido, j\u00e1 est\u00e1 plantada na alma de nosso povo. A import\u00e2ncia de colocar o Brasil na mesma correria que est\u00e1 a Bahia s\u00f3 depende de um presidente da Rep\u00fablica que goste da nossa gente, que goste do povo nordestino. \u00c9 por isso que eu vou pedir que, no domingo, a gente vote no 13, para dar esta vit\u00f3ria a Haddad e acelerar ainda mais as a\u00e7\u00f5es na Bahia\u201d. O discurso do governador Rui Costa, candidato petista \u00e0 reelei\u00e7\u00e3o, abriu a caminhada em Dom Bas\u00edlio, no povoado do Itapicuru, hoje (3), na primeira das cidades visitadas pela caravana \u2018Correria pela Bahia\u2019. E ecoou por toda a jornada. Ao lado de Rui, os candidatos a senador, Jaques Wagner (PT) e Angelo Coronel (PSD), al\u00e9m de prefeitos, vice-prefeitos, vereadores, lideran\u00e7as locais e candidatos a deputado federal e estadual.<\/p>\n<p class=\"x_x_x_MsoNormal\">A jornada de hoje incluiu outras quatro cidades dos territ\u00f3rios de identidade do Sert\u00e3o Produtivo e Bacia do Paramirim &#8211; Livramento de Nossa Senhora, Caturama, Maca\u00fabas e Boquira, somando 137 munic\u00edpios visitados. N\u00e3o \u00e0 toa, a principal demanda da regi\u00e3o &#8211; infraestrutura h\u00eddrica &#8211; est\u00e1 contemplada no Programa de Governo Participativo (PGP 2018). Compromisso firmado, Rui vai implantar a adutora Zambub\u00e3o\/Boquira, que integra o Projeto de Seguran\u00e7a H\u00eddrica do Vale do Paramirim. Com extens\u00e3o de 150 km, vai beneficiar pelo menos 39,6 mil habitantes dos munic\u00edpios de Boquira, Botupor\u00e3, Caturama, Ibipitanga, Maca\u00fabas, Paramirim, Rio do Pires e Tanque Novo. Tamb\u00e9m prevista a amplia\u00e7\u00e3o da capacidade de acumula\u00e7\u00e3o (23%) da Barragem de Cristal\u00e2ndia (Brumado, com volume total de 16,7 hm\u00b3), beneficiando cerca de 60 mil habitantes dos munic\u00edpios de Brumado e Tanha\u00e7u.<\/p>\n<p class=\"x_x_x_MsoNormal\">\u201cS\u00f3 quem n\u00e3o tinha \u00e1gua pra beber e hoje pode abrir uma torneira e ver a \u00e1gua jorrar sabe a import\u00e2ncia do Programa \u00c1gua para Todos (PAT). N\u00e3o vamos parar at\u00e9 todas as comunidades terem \u00e1gua pot\u00e1vel, al\u00e9m de redes de esgoto e esta\u00e7\u00f5es de tratamento\u201d, garantiu Rui. O candidato petista faz refer\u00eancia ao programa baiano, iniciado por Wagner em 2007, que serviu de exemplo para o que hoje \u00e9 feito no \u00e2mbito federal. De 2015 a 2018, foram investidos R$ 2 bilh\u00f5es em \u00e1gua e R$ 600 milh\u00f5es em esgotamento sanit\u00e1rio. Isso soma R$ 2,6 bilh\u00f5es investidos em saneamento (\u00e1gua e esgoto). O PAT j\u00e1 soma mais de 70 mil cisternas constru\u00eddas e nove barragens em constru\u00e7\u00e3o, recupera\u00e7\u00e3o e amplia\u00e7\u00e3o. \u00c1gua de qualidade para mais de 2,7 milh\u00f5es de baianas e baianos, contando apenas o per\u00edodo de 2015 a 2018.<\/p>\n<p class=\"x_x_x_MsoNormal\">A caravana s\u00f3 encerra a correria nesta sexta (5). At\u00e9 l\u00e1, amanh\u00e3 Rui lidera uma grande caminhada na Cidade Baixa, a partir das 15h, com percurso do Largo de Roma at\u00e9 o Bonfim, e concentra\u00e7\u00e3o na r\u00f3tula do largo, sentido avenida Caminho de Areia. Antes, faz caminhadas em Salinas, Itaparica e Vera Cruz. Sexta \u00e9 dia de voltar ao interior do estado, concluindo a maratona em Monte Santo, Euclides da Cunha, Tucano e Araci.<\/p>\n<p class=\"x_x_x_MsoNormal\"><b>Fotos:<\/b>\u00a0Ulisses Dumas\/ Divulga\u00e7\u00e3o<\/p>\n","protected":false},"excerpt":{"rendered":"<p>\u201cA semente da esperan\u00e7a de um Brasil que volte a olhar para o Nordeste, abrace quem mais precisa, olhe para o Semi\u00e1rido, j\u00e1 est\u00e1 plantada na alma de nosso povo. A import\u00e2ncia de colocar o Brasil na mesma correria que est\u00e1 a Bahia s\u00f3 depende de um presidente da Rep\u00fablica que goste da nossa gente, [&hellip;]<\/p>\n","protected":false},"author":2,"featured_media":0,"comment_status":"open","ping_status":"open","sticky":false,"template":"","format":"standard","meta":{"_links_to":"","_links_to_target":""},"categories":[1],"tags":[],"_links":{"self":[{"href":"https:\/\/www.r2cpress.com.br\/v1\/wp-json\/wp\/v2\/posts\/117679"}],"collection":[{"href":"https:\/\/www.r2cpress.com.br\/v1\/wp-json\/wp\/v2\/posts"}],"about":[{"href":"https:\/\/www.r2cpress.com.br\/v1\/wp-json\/wp\/v2\/types\/post"}],"author":[{"embeddable":true,"href":"https:\/\/www.r2cpress.com.br\/v1\/wp-json\/wp\/v2\/users\/2"}],"replies":[{"embeddable":true,"href":"https:\/\/www.r2cpress.com.br\/v1\/wp-json\/wp\/v2\/comments?post=117679"}],"version-history":[{"count":1,"href":"https:\/\/www.r2cpress.com.br\/v1\/wp-json\/wp\/v2\/posts\/117679\/revisions"}],"predecessor-version":[{"id":117681,"href":"https:\/\/www.r2cpress.com.br\/v1\/wp-json\/wp\/v2\/posts\/117679\/revisions\/117681"}],"wp:attachment":[{"href":"https:\/\/www.r2cpress.com.br\/v1\/wp-json\/wp\/v2\/media?parent=117679"}],"wp:term":[{"taxonomy":"category","embeddable":true,"href":"https:\/\/www.r2cpress.com.br\/v1\/wp-json\/wp\/v2\/categories?post=117679"},{"taxonomy":"post_tag","embeddable":true,"href":"https:\/\/www.r2cpress.com.br\/v1\/wp-json\/wp\/v2\/tags?post=117679"}],"curies":[{"name":"wp","href":"https:\/\/api.w.org\/{rel}","templated":true}]}}